{"id":27719,"date":"2025-12-02T21:53:43","date_gmt":"2025-12-03T03:53:43","guid":{"rendered":"https:\/\/zonalimitrofe-cbnr.com\/?p=27719"},"modified":"2025-12-02T21:53:46","modified_gmt":"2025-12-03T03:53:46","slug":"uadec-sostienen-uadec-y-universidad-de-lille-reunion-institucional-para-impulsar-vinculos-academicos","status":"publish","type":"post","link":"https:\/\/zonalimitrofe-cbnr.com\/index.php\/2025\/12\/02\/uadec-sostienen-uadec-y-universidad-de-lille-reunion-institucional-para-impulsar-vinculos-academicos\/","title":{"rendered":"#UAdeC. Sostienen UAdeC y Universidad de Lille Reuni\u00f3n Institucional para Impulsar V\u00ednculos Acad\u00e9micos"},"content":{"rendered":"\n<p>ARTEAGA, Coahuila. 2 de diciembre de 2025. La Universidad Aut\u00f3noma de Coahuila, a trav\u00e9s de la Coordinaci\u00f3n de Relaciones Internacionales, llev\u00f3 a cabo una reuni\u00f3n institucional con representantes de la Universidad de Lille, Francia, con el prop\u00f3sito de presentar la oferta acad\u00e9mica de la m\u00e1xima casa de estudios, identificar \u00e1reas de cooperaci\u00f3n y avanzar en la formalizaci\u00f3n de futuros convenios bilaterales.<\/p>\n\n\n\n<p>El encuentro tuvo lugar en la Sala Internacional del Centro Cultural del Campus Arteaga, donde asisti\u00f3 como invitado especial el responsable de Cooperaci\u00f3n Universitaria del Consulado General de Francia en Monterrey, Benjamin Rontard; por parte de la UAdeC particip\u00f3 la coordinadora de Relaciones Internacionales, Lourdes Morales; la coordinadora de Centros de Idiomas, Ang\u00e9lica Rivera Ochoa; la subcoordinadora del Programa Ingl\u00e9s Institucional, Cecilia Quintana Salda\u00f1a; y el subcoordinador Acad\u00e9mico, Roberto Benavente Vald\u00e9s.<\/p>\n\n\n\n<p>Mientras que la delegaci\u00f3n de la Universidad de Lille estuvo integrada por el director de Atractividad y Visibilidad Internacional, St\u00e9phane Thys; de la Facultad de Ciencias y Tecnolog\u00edas, S\u00e9bastien Clausen; Marcel Moritz de la Facultad de Derecho, Ciencias Pol\u00edticas y Sociales y Julien de Miribel de la Facultad de Psicolog\u00eda y Ciencias de la Educaci\u00f3n.<\/p>\n\n\n\n<p>En su mensaje, la coordinadora de Relaciones Internacionales, Lourdes Morales Oyervides, dio la bienvenida a la delegaci\u00f3n de la Universidad de Lille en nombre del rector Octavio Pimentel Mart\u00ednez y destac\u00f3 el respaldo constante del Consulado General de Francia en Monterrey, especialmente del c\u00f3nsul Pierre Raynaud, a quienes reconoci\u00f3 como aliados estrat\u00e9gicos de la instituci\u00f3n.<\/p>\n\n\n\n<p>Se\u00f1al\u00f3 que la Universidad busca formar ciudadanos globales capaces de comprender otras culturas, atender problem\u00e1ticas comunes y generar soluciones desde una perspectiva internacional; Por lo que reafirmo que la internacionalizaci\u00f3n debe traducirse en alianzas duraderas, convenios significativos y oportunidades reales para que los estudiantes se conviertan en agentes de cambio.<\/p>\n\n\n\n<p>Por su parte, el director de Atractividad y Visibilidad Internacional de la Universidad de Lille, St\u00e9phane Thys, expres\u00f3 su satisfacci\u00f3n por concretar la visita a la UAdeC, destacando que su labor consiste en explorar nuevas posibilidades de cooperaci\u00f3n institucional, por lo que, en este contexto, se\u00f1al\u00f3, se abri\u00f3 la oportunidad de establecer contacto y fortalecer los v\u00ednculos entre ambas instituciones.<\/p>\n\n\n\n<p>Durante la sesi\u00f3n, ambas instituciones dialogaron sobre la posibilidad de impulsar programas de movilidad estudiantil y docente, dobles titulaciones, proyectos de investigaci\u00f3n conjunta, estancias acad\u00e9micas y acciones de fortalecimiento en el \u00e1mbito de los idiomas; as\u00ed como se destac\u00f3 el inter\u00e9s mutuo por construir una agenda<\/p>\n\n\n\n<p>de cooperaci\u00f3n amplia y sostenible en \u00e1reas cient\u00edficas, tecnol\u00f3gicas, sociales y human\u00edsticas.<\/p>\n\n\n\n<p>Adem\u00e1s, directivos de diversas Escuelas, Facultades y Centros de Investigaci\u00f3n, expusieron la formaci\u00f3n acad\u00e9mica y \u00e1reas de especializaci\u00f3n de sus UA y compartieron inquietudes, prioridades e intereses para construir posibles esquemas de colaboraci\u00f3n con la Universidad de Lille, entre ellas las Facultades de Ciencias Qu\u00edmicas, Psicolog\u00eda, Sistemas, Ciencias Biol\u00f3gicas Unidad Laguna; Ciencias F\u00edsico Matem\u00e1ticas; Ingenier\u00eda Unidad Sureste, Ingenier\u00eda Mec\u00e1nica y El\u00e9ctrica Unidad Norte, Contadur\u00eda y Administraci\u00f3n y Derecho Unidad Norte, Ciencias, Educaci\u00f3n y Humanidades.<\/p>\n\n\n\n<p>As\u00ed como del Centro de investigaci\u00f3n en Matem\u00e1ticas Aplicadas (CIMA), Geociencias Aplicadas (CIGA); Escuela Superior de Ingenier\u00eda (ESI) UN, la Academia Interamericana de Derechos Humanos (AIDH) y el Instituto de Lenguas Extranjeras (ILE).<\/p>\n\n\n\n<p>Adicional al di\u00e1logo institucional, los visitantes realizaron recorridos por distintos espacios acad\u00e9micos de la Universidad, con el fin de conocer laboratorios, centros de investigaci\u00f3n, instalaciones docentes y \u00e1reas de desarrollo universitario, mismo que permitieron observar el potencial de infraestructura y fortalecer el an\u00e1lisis de proyectos conjuntos.<\/p>\n","protected":false},"excerpt":{"rendered":"<p>ARTEAGA, Coahuila. 2 de diciembre de 2025. La Universidad Aut\u00f3noma de Coahuila, a trav\u00e9s de la Coordinaci\u00f3n de Relaciones Internacionales, llev\u00f3 a cabo una reuni\u00f3n institucional con representantes de la Universidad de Lille, Francia, con el prop\u00f3sito de presentar la oferta acad\u00e9mica de la m\u00e1xima casa de estudios, identificar \u00e1reas de cooperaci\u00f3n y avanzar en [&hellip;]<\/p>\n","protected":false},"author":1,"featured_media":27720,"comment_status":"open","ping_status":"open","sticky":false,"template":"","format":"standard","meta":{"_monsterinsights_skip_tracking":false,"_monsterinsights_sitenote_active":false,"_monsterinsights_sitenote_note":"","_monsterinsights_sitenote_category":0,"footnotes":""},"categories":[1],"tags":[],"_links":{"self":[{"href":"https:\/\/zonalimitrofe-cbnr.com\/index.php\/wp-json\/wp\/v2\/posts\/27719"}],"collection":[{"href":"https:\/\/zonalimitrofe-cbnr.com\/index.php\/wp-json\/wp\/v2\/posts"}],"about":[{"href":"https:\/\/zonalimitrofe-cbnr.com\/index.php\/wp-json\/wp\/v2\/types\/post"}],"author":[{"embeddable":true,"href":"https:\/\/zonalimitrofe-cbnr.com\/index.php\/wp-json\/wp\/v2\/users\/1"}],"replies":[{"embeddable":true,"href":"https:\/\/zonalimitrofe-cbnr.com\/index.php\/wp-json\/wp\/v2\/comments?post=27719"}],"version-history":[{"count":1,"href":"https:\/\/zonalimitrofe-cbnr.com\/index.php\/wp-json\/wp\/v2\/posts\/27719\/revisions"}],"predecessor-version":[{"id":27721,"href":"https:\/\/zonalimitrofe-cbnr.com\/index.php\/wp-json\/wp\/v2\/posts\/27719\/revisions\/27721"}],"wp:featuredmedia":[{"embeddable":true,"href":"https:\/\/zonalimitrofe-cbnr.com\/index.php\/wp-json\/wp\/v2\/media\/27720"}],"wp:attachment":[{"href":"https:\/\/zonalimitrofe-cbnr.com\/index.php\/wp-json\/wp\/v2\/media?parent=27719"}],"wp:term":[{"taxonomy":"category","embeddable":true,"href":"https:\/\/zonalimitrofe-cbnr.com\/index.php\/wp-json\/wp\/v2\/categories?post=27719"},{"taxonomy":"post_tag","embeddable":true,"href":"https:\/\/zonalimitrofe-cbnr.com\/index.php\/wp-json\/wp\/v2\/tags?post=27719"}],"curies":[{"name":"wp","href":"https:\/\/api.w.org\/{rel}","templated":true}]}}