{"id":27716,"date":"2025-12-02T21:49:39","date_gmt":"2025-12-03T03:49:39","guid":{"rendered":"https:\/\/zonalimitrofe-cbnr.com\/?p=27716"},"modified":"2025-12-02T21:49:40","modified_gmt":"2025-12-03T03:49:40","slug":"gp-trabajan-en-instalacion-de-villa-esperanza-un-espacio-navideno-para-las-familias-gomezpalatinas","status":"publish","type":"post","link":"https:\/\/zonalimitrofe-cbnr.com\/index.php\/2025\/12\/02\/gp-trabajan-en-instalacion-de-villa-esperanza-un-espacio-navideno-para-las-familias-gomezpalatinas\/","title":{"rendered":"#GP. Trabajan en instalaci\u00f3n de Villa Esperanza, un espacio navide\u00f1o para las familias gomezpalatinas*"},"content":{"rendered":"\n<p>\u2022 El atractivo se ubicar\u00e1 en el Parque Esperanza, a un costado del Museo Acertijo.<\/p>\n\n\n\n<p>Con el prop\u00f3sito de fomentar la convivencia familiar, preservar las tradiciones y generar un ambiente festivo, el Ayuntamiento de G\u00f3mez Palacio, a trav\u00e9s de la Direcci\u00f3n de Servicios P\u00fablicos Municipales, avanza en la instalaci\u00f3n de la Villa Esperanza y en la colocaci\u00f3n de decoraci\u00f3n navide\u00f1a en diversos puntos de la ciudad, as\u00ed como en comunidades rurales.<\/p>\n\n\n\n<p>Benjam\u00edn Atilano Ch\u00e1vez, director de Servicios P\u00fablicos, destac\u00f3 que se trabaja intensamente en este proyecto impulsado por la presidenta municipal, Betzab\u00e9 Mart\u00ednez Arango, con la finalidad de ofrecer a las familias espacios de encuentro y recreaci\u00f3n durante la temporada decembrina.<\/p>\n\n\n\n<p>La Villa Esperanza se ubicar\u00e1 dentro del Parque La Esperanza, en la explanada contigua al Museo Acertijo, y contar\u00e1 con un nacimiento y un pino navide\u00f1o monumentales, un set para proyecci\u00f3n de pel\u00edculas navide\u00f1as, as\u00ed como una zona donde distintas dependencias municipales realizar\u00e1n actividades recreativas y culturales para las familias visitantes.<\/p>\n\n\n\n<p>El funcionario agreg\u00f3 que tambi\u00e9n se contempla un \u00e1rea destinada a la instalaci\u00f3n de food trucks, con venta de alimentos y bebidas, para hacer de este paseo navide\u00f1o un espacio m\u00e1s atractivo y accesible para todos.<\/p>\n\n\n\n<p>La Villa Esperanza ser\u00e1 abierta al p\u00fablico en los pr\u00f3ximos d\u00edas. Mientras tanto, cuadrillas de trabajadores de Servicios P\u00fablicos contin\u00faan con las labores de instalaci\u00f3n y adecuaci\u00f3n, a fin de que todo se encuentre listo y en \u00f3ptimas condiciones para el disfrute de las familias gomezpalatinas.<\/p>\n\n\n\n<p>Atilano Ch\u00e1vez se\u00f1al\u00f3 que, de manera paralela, se coloca iluminaci\u00f3n y decoraci\u00f3n navide\u00f1a en vialidades principales como los bulevares Miguel Alem\u00e1n, Rebollo Acosta, Ej\u00e9rcito Mexicano, Carretera a Ciudad Ju\u00e1rez y bulevar M\u00e9xico. Tambi\u00e9n se trabaja en calles del Centro, entre ellas Independencia, Madero, Allende, Victoria, Morelos, Hidalgo y Mina.<\/p>\n\n\n\n<p>La decoraci\u00f3n navide\u00f1a llegar\u00e1 igualmente a colonias de la periferia y comunidades rurales, reafirmando el compromiso del Gobierno Municipal de llevar el esp\u00edritu navide\u00f1o a todos los rincones de G\u00f3mez Palacio.<br><\/p>\n","protected":false},"excerpt":{"rendered":"<p>\u2022 El atractivo se ubicar\u00e1 en el Parque Esperanza, a un costado del Museo Acertijo. Con el prop\u00f3sito de fomentar la convivencia familiar, preservar las tradiciones y generar un ambiente festivo, el Ayuntamiento de G\u00f3mez Palacio, a trav\u00e9s de la Direcci\u00f3n de Servicios P\u00fablicos Municipales, avanza en la instalaci\u00f3n de la Villa Esperanza y en [&hellip;]<\/p>\n","protected":false},"author":1,"featured_media":27717,"comment_status":"open","ping_status":"open","sticky":false,"template":"","format":"standard","meta":{"_monsterinsights_skip_tracking":false,"_monsterinsights_sitenote_active":false,"_monsterinsights_sitenote_note":"","_monsterinsights_sitenote_category":0,"footnotes":""},"categories":[1],"tags":[],"_links":{"self":[{"href":"https:\/\/zonalimitrofe-cbnr.com\/index.php\/wp-json\/wp\/v2\/posts\/27716"}],"collection":[{"href":"https:\/\/zonalimitrofe-cbnr.com\/index.php\/wp-json\/wp\/v2\/posts"}],"about":[{"href":"https:\/\/zonalimitrofe-cbnr.com\/index.php\/wp-json\/wp\/v2\/types\/post"}],"author":[{"embeddable":true,"href":"https:\/\/zonalimitrofe-cbnr.com\/index.php\/wp-json\/wp\/v2\/users\/1"}],"replies":[{"embeddable":true,"href":"https:\/\/zonalimitrofe-cbnr.com\/index.php\/wp-json\/wp\/v2\/comments?post=27716"}],"version-history":[{"count":1,"href":"https:\/\/zonalimitrofe-cbnr.com\/index.php\/wp-json\/wp\/v2\/posts\/27716\/revisions"}],"predecessor-version":[{"id":27718,"href":"https:\/\/zonalimitrofe-cbnr.com\/index.php\/wp-json\/wp\/v2\/posts\/27716\/revisions\/27718"}],"wp:featuredmedia":[{"embeddable":true,"href":"https:\/\/zonalimitrofe-cbnr.com\/index.php\/wp-json\/wp\/v2\/media\/27717"}],"wp:attachment":[{"href":"https:\/\/zonalimitrofe-cbnr.com\/index.php\/wp-json\/wp\/v2\/media?parent=27716"}],"wp:term":[{"taxonomy":"category","embeddable":true,"href":"https:\/\/zonalimitrofe-cbnr.com\/index.php\/wp-json\/wp\/v2\/categories?post=27716"},{"taxonomy":"post_tag","embeddable":true,"href":"https:\/\/zonalimitrofe-cbnr.com\/index.php\/wp-json\/wp\/v2\/tags?post=27716"}],"curies":[{"name":"wp","href":"https:\/\/api.w.org\/{rel}","templated":true}]}}