{"id":27707,"date":"2025-12-02T21:40:38","date_gmt":"2025-12-03T03:40:38","guid":{"rendered":"https:\/\/zonalimitrofe-cbnr.com\/?p=27707"},"modified":"2025-12-02T21:40:38","modified_gmt":"2025-12-03T03:40:38","slug":"durango-esteban-villegas-presenta-la-feria-navidena-2025-acceso-gratuito-y-diversion-para-toda-la-familia","status":"publish","type":"post","link":"https:\/\/zonalimitrofe-cbnr.com\/index.php\/2025\/12\/02\/durango-esteban-villegas-presenta-la-feria-navidena-2025-acceso-gratuito-y-diversion-para-toda-la-familia\/","title":{"rendered":"#Durango. Esteban Villegas presenta la Feria Navide\u00f1a 2025: acceso gratuito y diversi\u00f3n para toda la familia*"},"content":{"rendered":"\n<p>* _Del 19 de diciembre al 6 de enero con pista de hielo, espect\u00e1culo de luces, nacimiento monumental y posadas tradicionales._<\/p>\n\n\n\n<p>* _Se espera superar la asistencia del a\u00f1o pasado y fortalecer la actividad econ\u00f3mica en beneficio de comerciantes y prestadores de servicios._<\/p>\n\n\n\n<p>El gobernador Esteban Villegas Villarreal asegur\u00f3 que Durango est\u00e1 listo para vivir una edici\u00f3n hist\u00f3rica de la Feria Navide\u00f1a 2025, del 19 de diciembre al 6 de enero, con actividades y espect\u00e1culos familiares. Acompa\u00f1ado por el alcalde To\u00f1o Ochoa y por Lauro Arce, director de Ferias, Espect\u00e1culos y Paseos Tur\u00edsticos, destac\u00f3 la importancia de preservar tradiciones mexicanas como las posadas y el nacimiento. \u201cLa entrada, el estacionamiento y el transporte ser\u00e1n completamente gratuitos para que todas y todos puedan disfrutar de la feria\u201d, afirm\u00f3.<\/p>\n\n\n\n<p>Este a\u00f1o la Feria Navide\u00f1a contar\u00e1 con posadas del 19 al 23 de diciembre, un monumental Nacimiento renovado, pista de hielo gratuita, espect\u00e1culo de luces sobre el lago detr\u00e1s de la Velaria, funciones de autocinema, torneos deportivos, actividades culturales, shows especiales y atracciones familiares durante toda la temporada. El objetivo es ofrecer espacios accesibles y experiencias memorables para ni\u00f1as, ni\u00f1os, j\u00f3venes y adultos.<\/p>\n\n\n\n<p>Esteban Villegas destac\u00f3 la labor del Ayuntamiento de Durango en la creaci\u00f3n y mejora del nacimiento monumental, que este a\u00f1o incorpora una intervenci\u00f3n art\u00edstica m\u00e1s compleja y detallada. Reconoci\u00f3 el esfuerzo coordinado del alcalde To\u00f1o Ochoa y su equipo para lograr un atractivo visual de alto nivel. Adem\u00e1s, adelant\u00f3 que tanto el espect\u00e1culo de luces como el autocinema ser\u00e1n dos de los elementos m\u00e1s innovadores de esta edici\u00f3n.<\/p>\n\n\n\n<p>To\u00f1o Ochoa resalt\u00f3 el valor social y comunitario del encuentro decembrino al destacar que la Feria Navide\u00f1a es un espacio profundamente arraigado en la identidad duranguense, donde convergen tradiciones, convivencia y talento local. Subray\u00f3 que ser\u00e1 un evento seguro, organizado y familiar, con condiciones que favorezcan la visita de habitantes y turistas.<\/p>\n\n\n\n<p>Por su parte, Lauro Arce destac\u00f3 que esta ser\u00e1 la edici\u00f3n m\u00e1s amplia del evento, con mayor cantidad de espacios y oferta de actividades. Adelant\u00f3 que la participaci\u00f3n comercial ser\u00e1 significativa, con la mayor\u00eda de los expositores de la Feria del Juguete ya confirmados, lo que fortalecer\u00e1 la din\u00e1mica econ\u00f3mica del recinto y su atractivo para las familias.<\/p>\n\n\n\n<p>En materia tur\u00edstica, la secretaria Elisa Haro Ruiz inform\u00f3 que se proyecta la llegada de miles de visitantes en el estado durante la temporada navide\u00f1a, con una expectativa positiva en ocupaci\u00f3n hotelera y derrama econ\u00f3mica. Se\u00f1al\u00f3 que la conectividad a\u00e9rea con destinos nacionales facilitar\u00e1 el flujo de visitantes y paisanos, posicionando a Durango como un punto de encuentro en estas celebraciones.<\/p>\n\n\n\n<p>Finalmente, Valeria Guti\u00e9rrez, directora municipal de Fomento Econ\u00f3mico, invit\u00f3 a la ciudadan\u00eda a participar en esta celebraci\u00f3n que crece a\u00f1o con a\u00f1o. Destac\u00f3 que la gratuidad de entrada, estacionamiento y transporte permitir\u00e1 una participaci\u00f3n incluyente, motivando a las familias a disfrutar plenamente de las posadas, espect\u00e1culos y atractivos de la feria. Tambi\u00e9n adelant\u00f3 que pr\u00f3ximamente se dar\u00e1 a conocer la fecha del tradicional Desfile Navide\u00f1o.<br><\/p>\n","protected":false},"excerpt":{"rendered":"<p>* _Del 19 de diciembre al 6 de enero con pista de hielo, espect\u00e1culo de luces, nacimiento monumental y posadas tradicionales._ * _Se espera superar la asistencia del a\u00f1o pasado y fortalecer la actividad econ\u00f3mica en beneficio de comerciantes y prestadores de servicios._ El gobernador Esteban Villegas Villarreal asegur\u00f3 que Durango est\u00e1 listo para vivir [&hellip;]<\/p>\n","protected":false},"author":1,"featured_media":27708,"comment_status":"open","ping_status":"open","sticky":false,"template":"","format":"standard","meta":{"_monsterinsights_skip_tracking":false,"_monsterinsights_sitenote_active":false,"_monsterinsights_sitenote_note":"","_monsterinsights_sitenote_category":0,"footnotes":""},"categories":[1],"tags":[],"_links":{"self":[{"href":"https:\/\/zonalimitrofe-cbnr.com\/index.php\/wp-json\/wp\/v2\/posts\/27707"}],"collection":[{"href":"https:\/\/zonalimitrofe-cbnr.com\/index.php\/wp-json\/wp\/v2\/posts"}],"about":[{"href":"https:\/\/zonalimitrofe-cbnr.com\/index.php\/wp-json\/wp\/v2\/types\/post"}],"author":[{"embeddable":true,"href":"https:\/\/zonalimitrofe-cbnr.com\/index.php\/wp-json\/wp\/v2\/users\/1"}],"replies":[{"embeddable":true,"href":"https:\/\/zonalimitrofe-cbnr.com\/index.php\/wp-json\/wp\/v2\/comments?post=27707"}],"version-history":[{"count":1,"href":"https:\/\/zonalimitrofe-cbnr.com\/index.php\/wp-json\/wp\/v2\/posts\/27707\/revisions"}],"predecessor-version":[{"id":27709,"href":"https:\/\/zonalimitrofe-cbnr.com\/index.php\/wp-json\/wp\/v2\/posts\/27707\/revisions\/27709"}],"wp:featuredmedia":[{"embeddable":true,"href":"https:\/\/zonalimitrofe-cbnr.com\/index.php\/wp-json\/wp\/v2\/media\/27708"}],"wp:attachment":[{"href":"https:\/\/zonalimitrofe-cbnr.com\/index.php\/wp-json\/wp\/v2\/media?parent=27707"}],"wp:term":[{"taxonomy":"category","embeddable":true,"href":"https:\/\/zonalimitrofe-cbnr.com\/index.php\/wp-json\/wp\/v2\/categories?post=27707"},{"taxonomy":"post_tag","embeddable":true,"href":"https:\/\/zonalimitrofe-cbnr.com\/index.php\/wp-json\/wp\/v2\/tags?post=27707"}],"curies":[{"name":"wp","href":"https:\/\/api.w.org\/{rel}","templated":true}]}}