{"id":27701,"date":"2025-12-02T21:30:59","date_gmt":"2025-12-03T03:30:59","guid":{"rendered":"https:\/\/zonalimitrofe-cbnr.com\/?p=27701"},"modified":"2025-12-02T21:30:59","modified_gmt":"2025-12-03T03:30:59","slug":"lerdo-gobierno-municipal-de-lerdo-realizo-el-cabildo-incluyente","status":"publish","type":"post","link":"https:\/\/zonalimitrofe-cbnr.com\/index.php\/2025\/12\/02\/lerdo-gobierno-municipal-de-lerdo-realizo-el-cabildo-incluyente\/","title":{"rendered":"#Lerdo. GOBIERNO MUNICIPAL DE LERDO REALIZ\u00d3 EL CABILDO INCLUYENTE*"},"content":{"rendered":"\n<p>&#8211; En el marco del D\u00eda Internacional de la Discapacidad<\/p>\n\n\n\n<p>Lerdo, 02 de diciembre 2025.- En el marco del D\u00eda Internacional de las Personas con Discapacidad que se conmemora el 03 de diciembre, el Ayuntamiento de Lerdo llev\u00f3 a cabo este martes el Cabildo Incluyente, en el Lobby del Teatro Hermila Galindo, donde se aprob\u00f3 la entrega de aparatos funcionales para personas con discapacidad.<\/p>\n\n\n\n<p>El Cabildo estuvo encabezado por la Presidenta Tajani Madai D\u00edaz Cabrales, quien dio la bienvenida a este cuerpo colegiado integrado por ni\u00f1os y j\u00f3venes que aceptaron participar en este ejercicio p\u00fablico. Los infantes estuvieron acompa\u00f1ados en todo momento por la Presidenta Municipal Susy Torrecillas y dem\u00e1s integrantes del H. Cabildo.<\/p>\n\n\n\n<p>En el primer punto del orden del d\u00eda, el secretario del Ayuntamiento, El\u00edas Emanuel Huitr\u00f3n Mej\u00eda, realiz\u00f3 el pase de lista, declarando qu\u00f3rum por unanimidad.<\/p>\n\n\n\n<p>En el quinto punto del orden del d\u00eda, el pleno del Cabildo aprob\u00f3 por mayor\u00eda la propuesta presentada por la ciudadana Miranda Guadalupe Fern\u00e1ndez Espino, referente a la entrega de aparatos funcionales destinados a personas con discapacidad en el Municipio.<\/p>\n\n\n\n<p>El Cabildo Incluyente qued\u00f3 conformado por la Presidenta: Tajani Madai D\u00edaz Cabrales; S\u00edndico Mar\u00eda Regina Reyes Casta\u00f1eda, y el Secretario del Ayuntamiento, El\u00edas Emanuel Huitr\u00f3n Mej\u00eda, as\u00ed como por los regidores y regidoras Williams Jovany N\u00fa\u00f1ez Medrano (1\u00b0), Andr\u00e9s Alejandro Adame P\u00e1ez (2\u00b0), Laura Carolina Villase\u00f1or Arg\u00fcelles (3\u00aa), Sor Juana Elizabeth Rodr\u00edguez Rocha (4\u00aa), Jos\u00e9 Luis Salazar Sosa (5\u00b0), Amada Elena Ram\u00edrez Flores (6\u00aa), Luis Fernando Leos Mata (7\u00b0) y Katia Gabriela Ram\u00edrez (8\u00aa ). Tambi\u00e9n lo integraron \u00c1ngel Ant\u00fanez Ayala como el 9\u00b0 regidor, Lili Arroyo Covarrubias como 10\u00aa regidora, H\u00e9ctor Iv\u00e1n Mart\u00ednez Marrufo como 11\u00b0 regidor y Fernanda Marisol Aldaba P\u00e9rez como 12\u00aa regidora.<\/p>\n\n\n\n<p>Completaron el Cabildo Incluyente los regidores Juan Jos\u00e9 Fern\u00e1ndez Ayala (13\u00b0) y Diego Garc\u00eda Medrano (14\u00b0), as\u00ed como el 15\u00b0 regidor Giant Jes\u00fas Navarro Parra. Y Miranda Guadalupe Fern\u00e1ndez Espino fue quien present\u00f3 la propuesta ciudadana para la entrega de apoyos a personas con discapacidad.<\/p>\n\n\n\n<p>Finalmente, la Presidenta Municipal de Lerdo, Susy Carolina Torrecillas Salazar, entreg\u00f3 un reconocimiento a todas y todos los ni\u00f1os que participaron en el Cabildo Incluyente, destacando que su gobierno trabaja por igual para todas las personas del Municipio.<\/p>\n","protected":false},"excerpt":{"rendered":"<p>&#8211; En el marco del D\u00eda Internacional de la Discapacidad Lerdo, 02 de diciembre 2025.- En el marco del D\u00eda Internacional de las Personas con Discapacidad que se conmemora el 03 de diciembre, el Ayuntamiento de Lerdo llev\u00f3 a cabo este martes el Cabildo Incluyente, en el Lobby del Teatro Hermila Galindo, donde se aprob\u00f3 [&hellip;]<\/p>\n","protected":false},"author":1,"featured_media":27702,"comment_status":"open","ping_status":"open","sticky":false,"template":"","format":"standard","meta":{"_monsterinsights_skip_tracking":false,"_monsterinsights_sitenote_active":false,"_monsterinsights_sitenote_note":"","_monsterinsights_sitenote_category":0,"footnotes":""},"categories":[1],"tags":[],"_links":{"self":[{"href":"https:\/\/zonalimitrofe-cbnr.com\/index.php\/wp-json\/wp\/v2\/posts\/27701"}],"collection":[{"href":"https:\/\/zonalimitrofe-cbnr.com\/index.php\/wp-json\/wp\/v2\/posts"}],"about":[{"href":"https:\/\/zonalimitrofe-cbnr.com\/index.php\/wp-json\/wp\/v2\/types\/post"}],"author":[{"embeddable":true,"href":"https:\/\/zonalimitrofe-cbnr.com\/index.php\/wp-json\/wp\/v2\/users\/1"}],"replies":[{"embeddable":true,"href":"https:\/\/zonalimitrofe-cbnr.com\/index.php\/wp-json\/wp\/v2\/comments?post=27701"}],"version-history":[{"count":1,"href":"https:\/\/zonalimitrofe-cbnr.com\/index.php\/wp-json\/wp\/v2\/posts\/27701\/revisions"}],"predecessor-version":[{"id":27703,"href":"https:\/\/zonalimitrofe-cbnr.com\/index.php\/wp-json\/wp\/v2\/posts\/27701\/revisions\/27703"}],"wp:featuredmedia":[{"embeddable":true,"href":"https:\/\/zonalimitrofe-cbnr.com\/index.php\/wp-json\/wp\/v2\/media\/27702"}],"wp:attachment":[{"href":"https:\/\/zonalimitrofe-cbnr.com\/index.php\/wp-json\/wp\/v2\/media?parent=27701"}],"wp:term":[{"taxonomy":"category","embeddable":true,"href":"https:\/\/zonalimitrofe-cbnr.com\/index.php\/wp-json\/wp\/v2\/categories?post=27701"},{"taxonomy":"post_tag","embeddable":true,"href":"https:\/\/zonalimitrofe-cbnr.com\/index.php\/wp-json\/wp\/v2\/tags?post=27701"}],"curies":[{"name":"wp","href":"https:\/\/api.w.org\/{rel}","templated":true}]}}