{"id":27677,"date":"2025-12-01T22:32:53","date_gmt":"2025-12-02T04:32:53","guid":{"rendered":"https:\/\/zonalimitrofe-cbnr.com\/?p=27677"},"modified":"2025-12-01T22:32:54","modified_gmt":"2025-12-02T04:32:54","slug":"esteban-anuncia-inversion-de-mas-de-261-mdd-de-mls-en-la-laguna-generara-3500-empleos-y-posicionara-a-durango-como-referente-en-manufactura-y-tecnologia-led","status":"publish","type":"post","link":"https:\/\/zonalimitrofe-cbnr.com\/index.php\/2025\/12\/01\/esteban-anuncia-inversion-de-mas-de-261-mdd-de-mls-en-la-laguna-generara-3500-empleos-y-posicionara-a-durango-como-referente-en-manufactura-y-tecnologia-led\/","title":{"rendered":"Esteban anuncia inversi\u00f3n de m\u00e1s de 261 MDD de MLS en La Laguna, generar\u00e1 3,500 empleos y posicionar\u00e1 a Durango como referente en manufactura y tecnolog\u00eda LED*"},"content":{"rendered":"\n<p>\u2022 _El proyecto multinacional detonar\u00e1 una planta moderna, el Parque Industrial y Centro de Ingenier\u00eda en G\u00f3mez Palacio._<\/p>\n\n\n\n<p>\u2022 _La llegada de MLS fortalece la cadena de proveedur\u00eda, empleo especializado y transferencia tecnol\u00f3gica en Durango._<\/p>\n\n\n\n<p>G\u00f3mez Palacio, Dgo.\u2014 El gobernador Esteban Villegas Villarreal anunci\u00f3 la llegada de MLS M\u00e9xico, corporativo de clase mundial en iluminaci\u00f3n LED, que invertir\u00e1 261.7 millones de d\u00f3lares para desarrollar un complejo industrial y tecnol\u00f3gico en La Laguna, con la generaci\u00f3n de 3,500 empleos directos. El mandatario destac\u00f3 que este proyecto refleja el posicionamiento de Durango como destino atractivo para el capital internacional y para la industria de manufactura avanzada.<\/p>\n\n\n\n<p>En el anuncio acompa\u00f1aron al gobernador la presidenta municipal de G\u00f3mez Palacio, Betzab\u00e9 Mart\u00ednez Arango; el vicepresidente de MLS, Liu Bruce; y el equipo estatal de Atracci\u00f3n de Inversi\u00f3n encabezado por Fernando Miguel Rosas Palafox, secretario de Desarrollo Econ\u00f3mico; Arturo Ortiz Gal\u00e1n, titular de Inversi\u00f3n Extranjera; y V\u00edctor Hugo Hern\u00e1ndez Fuentes, director de Comunicaci\u00f3n Social. Se detall\u00f3 que la inversi\u00f3n se ejecutar\u00e1 en tres etapas: la primera iniciar\u00e1 operaciones en febrero de 2026 con 200 empleos; la segunda se desarrollar\u00e1 entre 2026 y 2027 con expansi\u00f3n de infraestructura; y la tercera, de 2028 a 2030, consolidar\u00e1 un Centro de Ingenier\u00eda y Desarrollo de Alto Volumen.<\/p>\n\n\n\n<p>Villegas Villarreal se\u00f1al\u00f3 que esta decisi\u00f3n empresarial confirma las condiciones competitivas de la regi\u00f3n: \u201cMLS conf\u00eda en Durango porque aqu\u00ed hay talento, energ\u00eda suficiente, log\u00edstica y un gobierno que acompa\u00f1a a la inversi\u00f3n. Esto traer\u00e1 empleos bien pagados, crecimiento industrial y oportunidades para nuestra gente\u201d, afirm\u00f3.<\/p>\n\n\n\n<p>Durante su intervenci\u00f3n, el vicepresidente global de MLS, Liu Bruce, subray\u00f3 que esta planta ser\u00e1 la m\u00e1s importante de la empresa en M\u00e9xico: \u201cQueremos que La Laguna sea un centro productor y tecnol\u00f3gico, no solo para el mercado estadounidense, sino tambi\u00e9n para expandir nuestras operaciones en M\u00e9xico. Venimos a crecer junto con Durango\u201d, expres\u00f3.<\/p>\n\n\n\n<p>Por su parte, la presidenta municipal Betzab\u00e9 Mart\u00ednez Arango destac\u00f3 la colaboraci\u00f3n intergubernamental que hizo posible esta inversi\u00f3n: \u201cG\u00f3mez Palacio ha creado condiciones y certidumbre para atraer empresas de alto perfil. Con MLS se abre una ventana de oportunidades laborales y de desarrollo econ\u00f3mico para nuestra regi\u00f3n\u201d, se\u00f1al\u00f3.<\/p>\n\n\n\n<p>Finalmente, Esteban Villegas reiter\u00f3 que este anuncio es parte de una serie de inversiones que consolidar\u00e1n el futuro econ\u00f3mico del estado: \u201cLo que viene es grande. Durango est\u00e1 entrando a otra liga industrial y esto ya no se detiene. Es crecimiento real, con impacto directo en las familias\u201d, concluy\u00f3.<\/p>\n","protected":false},"excerpt":{"rendered":"<p>\u2022 _El proyecto multinacional detonar\u00e1 una planta moderna, el Parque Industrial y Centro de Ingenier\u00eda en G\u00f3mez Palacio._ \u2022 _La llegada de MLS fortalece la cadena de proveedur\u00eda, empleo especializado y transferencia tecnol\u00f3gica en Durango._ G\u00f3mez Palacio, Dgo.\u2014 El gobernador Esteban Villegas Villarreal anunci\u00f3 la llegada de MLS M\u00e9xico, corporativo de clase mundial en iluminaci\u00f3n [&hellip;]<\/p>\n","protected":false},"author":1,"featured_media":27678,"comment_status":"open","ping_status":"open","sticky":false,"template":"","format":"standard","meta":{"_monsterinsights_skip_tracking":false,"_monsterinsights_sitenote_active":false,"_monsterinsights_sitenote_note":"","_monsterinsights_sitenote_category":0,"footnotes":""},"categories":[1],"tags":[],"_links":{"self":[{"href":"https:\/\/zonalimitrofe-cbnr.com\/index.php\/wp-json\/wp\/v2\/posts\/27677"}],"collection":[{"href":"https:\/\/zonalimitrofe-cbnr.com\/index.php\/wp-json\/wp\/v2\/posts"}],"about":[{"href":"https:\/\/zonalimitrofe-cbnr.com\/index.php\/wp-json\/wp\/v2\/types\/post"}],"author":[{"embeddable":true,"href":"https:\/\/zonalimitrofe-cbnr.com\/index.php\/wp-json\/wp\/v2\/users\/1"}],"replies":[{"embeddable":true,"href":"https:\/\/zonalimitrofe-cbnr.com\/index.php\/wp-json\/wp\/v2\/comments?post=27677"}],"version-history":[{"count":1,"href":"https:\/\/zonalimitrofe-cbnr.com\/index.php\/wp-json\/wp\/v2\/posts\/27677\/revisions"}],"predecessor-version":[{"id":27679,"href":"https:\/\/zonalimitrofe-cbnr.com\/index.php\/wp-json\/wp\/v2\/posts\/27677\/revisions\/27679"}],"wp:featuredmedia":[{"embeddable":true,"href":"https:\/\/zonalimitrofe-cbnr.com\/index.php\/wp-json\/wp\/v2\/media\/27678"}],"wp:attachment":[{"href":"https:\/\/zonalimitrofe-cbnr.com\/index.php\/wp-json\/wp\/v2\/media?parent=27677"}],"wp:term":[{"taxonomy":"category","embeddable":true,"href":"https:\/\/zonalimitrofe-cbnr.com\/index.php\/wp-json\/wp\/v2\/categories?post=27677"},{"taxonomy":"post_tag","embeddable":true,"href":"https:\/\/zonalimitrofe-cbnr.com\/index.php\/wp-json\/wp\/v2\/tags?post=27677"}],"curies":[{"name":"wp","href":"https:\/\/api.w.org\/{rel}","templated":true}]}}