{"id":27665,"date":"2025-11-30T20:49:14","date_gmt":"2025-12-01T02:49:14","guid":{"rendered":"https:\/\/zonalimitrofe-cbnr.com\/?p=27665"},"modified":"2025-11-30T20:49:14","modified_gmt":"2025-12-01T02:49:14","slug":"durango-esteban-villegas-fortalece-el-campo-de-lerdo-con-apoyos-productivos-para-mas-de-250-agricultores-y-apicultores","status":"publish","type":"post","link":"https:\/\/zonalimitrofe-cbnr.com\/index.php\/2025\/11\/30\/durango-esteban-villegas-fortalece-el-campo-de-lerdo-con-apoyos-productivos-para-mas-de-250-agricultores-y-apicultores\/","title":{"rendered":"#Durango. Esteban Villegas fortalece el campo de Lerdo con apoyos productivos para m\u00e1s de 250 agricultores y apicultores*"},"content":{"rendered":"\n<p>* _Se entregaron semilla de alfalfa y suplemento para casi 3 mil colmenas._<\/p>\n\n\n\n<p>* _Se impulsa organizaci\u00f3n de productores para comercializar la miel con marca unificada._<\/p>\n\n\n\n<p>Lerdo, Dgo.\u2014 M\u00e1s de 200 productores agr\u00edcolas y 56 apicultores de Lerdo recibieron apoyos directos de parte del gobernador Esteban Villegas Villarreal y la presidenta municipal Susy Carolina Torrecillas Salazar, quienes encabezaron en el Parque Raymundo la entrega de semilla de alfalfa y suplemento alimenticio para colmenas, una acci\u00f3n que fortalece la producci\u00f3n forrajera y ap\u00edcola en La Laguna, ah\u00ed destacaron que estos apoyos buscan generar oportunidades reales en el campo y mantener viva la econom\u00eda local.<\/p>\n\n\n\n<p>El gobernador llam\u00f3 a los productores a organizarse para impulsar la comercializaci\u00f3n de la miel y abrir nuevos mercados. \u201cP\u00f3nganse de acuerdo entre todos los que producen miel, hagan un est\u00e1ndar y una sola marca. Yo puedo hablar con Al S\u00faper, con Wal-Mart o con Soriana, pero ellos nos van a decir c\u00f3mo quieren la miel\u201d, se\u00f1al\u00f3, al proponer la creaci\u00f3n de una cooperativa que permita dar valor agregado al producto y mejorar sus ingresos. Adem\u00e1s, adelant\u00f3 que vienen inversiones hist\u00f3ricas para La Laguna y que \u201cantes de que termine el a\u00f1o vamos a abrir mas empresas m\u00e1s y habr\u00e1 m\u00e1s empleos\u201d.<\/p>\n\n\n\n<p>Por su parte, Susy Torrecillas reiter\u00f3 su respaldo al sector agr\u00edcola y reconoci\u00f3 la importancia de la alfalfa para la regi\u00f3n: \u201cEl sector agr\u00edcola va a tener apoyo de la presidencia municipal todo el tiempo, todos los d\u00edas\u201d, afirm\u00f3. Agradeci\u00f3 la coordinaci\u00f3n con el Gobierno del Estado para atender las necesidades del campo y destac\u00f3 la organizaci\u00f3n de los productores lerdenses: \u201cYo admiro mucho el campo de Lerdo, es un campo muy bien organizado, saben perfectamente cu\u00e1l ser\u00e1 su producci\u00f3n y rendimiento\u201d.<\/p>\n\n\n\n<p>A nombre de los productores, Juan Jes\u00fas Garc\u00eda Garc\u00eda destac\u00f3 el valor de estos apoyos en un contexto nacional adverso para el campo. \u201cAqu\u00ed en Durango tenemos gobernantes que nunca han abandonado el campo, siempre nos han respaldado y la prueba de ello aqu\u00ed est\u00e1, con hechos, no palabras\u201d, expres\u00f3 al agradecer la continuidad del programa de semilla de alfalfa y solicitar que se mantenga el apoyo para el ciclo agr\u00edcola de 2026.<\/p>\n\n\n\n<p>El secretario de Agricultura, Jes\u00fas L\u00f3pez Morales, subray\u00f3 la prioridad que el Gobierno del Estado ha dado a la apicultura y detall\u00f3 que en esta entrega se distribuyeron nueve toneladas de suplemento alimenticio para 2 mil 961 colmenas, beneficiando a 56 apicultores. Adem\u00e1s, anunci\u00f3 la entrega inicial de 400 bultos de semilla de alfalfa dentro de un convenio tripartita, con una inversi\u00f3n total superior a 2.2 millones de pesos. \u201cAh\u00ed est\u00e1 la mano del gobernador que en ning\u00fan momento va a dejar solos a la gente del campo\u201d, afirm\u00f3.<\/p>\n\n\n\n<p>Con estas acciones, el Gobierno del Estado y el Ayuntamiento de Lerdo fortalecen la producci\u00f3n agr\u00edcola y ap\u00edcola de La Laguna, apoyando directamente a quienes mantienen viva la actividad rural. Los programas anunciados y las nuevas inversiones proyectadas consolidan un modelo de trabajo conjunto que busca garantizar mejores oportunidades para las familias que dependen del campo y asegurar que las futuras generaciones encuentren un desarrollo sostenido en su propia tierra.<\/p>\n","protected":false},"excerpt":{"rendered":"<p>* _Se entregaron semilla de alfalfa y suplemento para casi 3 mil colmenas._ * _Se impulsa organizaci\u00f3n de productores para comercializar la miel con marca unificada._ Lerdo, Dgo.\u2014 M\u00e1s de 200 productores agr\u00edcolas y 56 apicultores de Lerdo recibieron apoyos directos de parte del gobernador Esteban Villegas Villarreal y la presidenta municipal Susy Carolina Torrecillas [&hellip;]<\/p>\n","protected":false},"author":1,"featured_media":27666,"comment_status":"open","ping_status":"open","sticky":false,"template":"","format":"standard","meta":{"_monsterinsights_skip_tracking":false,"_monsterinsights_sitenote_active":false,"_monsterinsights_sitenote_note":"","_monsterinsights_sitenote_category":0,"footnotes":""},"categories":[1],"tags":[],"_links":{"self":[{"href":"https:\/\/zonalimitrofe-cbnr.com\/index.php\/wp-json\/wp\/v2\/posts\/27665"}],"collection":[{"href":"https:\/\/zonalimitrofe-cbnr.com\/index.php\/wp-json\/wp\/v2\/posts"}],"about":[{"href":"https:\/\/zonalimitrofe-cbnr.com\/index.php\/wp-json\/wp\/v2\/types\/post"}],"author":[{"embeddable":true,"href":"https:\/\/zonalimitrofe-cbnr.com\/index.php\/wp-json\/wp\/v2\/users\/1"}],"replies":[{"embeddable":true,"href":"https:\/\/zonalimitrofe-cbnr.com\/index.php\/wp-json\/wp\/v2\/comments?post=27665"}],"version-history":[{"count":1,"href":"https:\/\/zonalimitrofe-cbnr.com\/index.php\/wp-json\/wp\/v2\/posts\/27665\/revisions"}],"predecessor-version":[{"id":27667,"href":"https:\/\/zonalimitrofe-cbnr.com\/index.php\/wp-json\/wp\/v2\/posts\/27665\/revisions\/27667"}],"wp:featuredmedia":[{"embeddable":true,"href":"https:\/\/zonalimitrofe-cbnr.com\/index.php\/wp-json\/wp\/v2\/media\/27666"}],"wp:attachment":[{"href":"https:\/\/zonalimitrofe-cbnr.com\/index.php\/wp-json\/wp\/v2\/media?parent=27665"}],"wp:term":[{"taxonomy":"category","embeddable":true,"href":"https:\/\/zonalimitrofe-cbnr.com\/index.php\/wp-json\/wp\/v2\/categories?post=27665"},{"taxonomy":"post_tag","embeddable":true,"href":"https:\/\/zonalimitrofe-cbnr.com\/index.php\/wp-json\/wp\/v2\/tags?post=27665"}],"curies":[{"name":"wp","href":"https:\/\/api.w.org\/{rel}","templated":true}]}}