{"id":27659,"date":"2025-11-30T20:32:53","date_gmt":"2025-12-01T02:32:53","guid":{"rendered":"https:\/\/zonalimitrofe-cbnr.com\/?p=27659"},"modified":"2025-11-30T20:32:53","modified_gmt":"2025-12-01T02:32:53","slug":"gp-todo-listo-para-la-presentacion-del-plan-municipal-de-desarrollo-2025-2028","status":"publish","type":"post","link":"https:\/\/zonalimitrofe-cbnr.com\/index.php\/2025\/11\/30\/gp-todo-listo-para-la-presentacion-del-plan-municipal-de-desarrollo-2025-2028\/","title":{"rendered":"#GP. Todo listo para la presentaci\u00f3n del Plan Municipal de Desarrollo 2025\u20132028*"},"content":{"rendered":"\n<p>\u2022 Betzab\u00e9 Mart\u00ednez encabezar\u00e1 la presentaci\u00f3n de los ejes rectores de su gobierno<\/p>\n\n\n\n<p>G\u00f3mez Palacio, Dgo.\u2014 Tras haber sido aprobado el pasado jueves en sesi\u00f3n ordinaria de Cabildo, todo se encuentra listo para que la tarde de este lunes se lleve a cabo la presentaci\u00f3n del Plan Municipal de Desarrollo 2025\u20132028, documento que marcar\u00e1 el rumbo de la Administraci\u00f3n Municipal durante los pr\u00f3ximos a\u00f1os.<\/p>\n\n\n\n<p>As\u00ed lo inform\u00f3 el titular del Instituto Municipal de Planeaci\u00f3n y Desarrollo Metropolitano, Luis \u00d3scar Guereca Prado, quien detall\u00f3 que la presentaci\u00f3n oficial se realizar\u00e1 en la Casa Club Altozano, en punto de las 6 de la tarde.<\/p>\n\n\n\n<p>Guereca Prado subray\u00f3 que el PMD 2025\u20132028 integra la visi\u00f3n, los objetivos y las l\u00edneas de acci\u00f3n que guiar\u00e1n el trabajo del gobierno municipal, y reconoci\u00f3 la amplia participaci\u00f3n ciudadana en las mesas de trabajo, foros tem\u00e1ticos y consultas que permitieron enriquecer el documento.<\/p>\n\n\n\n<p>Al evento asistir\u00e1n representantes de los tres \u00f3rdenes de gobierno, as\u00ed como integrantes del sector empresarial, acad\u00e9mico, asociaciones civiles y colegios de profesionistas, quienes ser\u00e1n recibidos por la alcaldesa Betzab\u00e9 Mart\u00ednez Arango.<\/p>\n\n\n\n<p>En el marco de esta presentaci\u00f3n, la presidenta municipal dar\u00e1 a conocer los ejes estrat\u00e9gicos que orientar\u00e1n su administraci\u00f3n, con una ruta clara para impulsar un crecimiento ordenado, mejorar los servicios p\u00fablicos y fortalecer el bienestar de la poblaci\u00f3n.<\/p>\n\n\n\n<p>El Gobierno Municipal reiter\u00f3 que este Plan Municipal de Desarrollo ser\u00e1 la hoja de ruta para consolidar una gesti\u00f3n con visi\u00f3n, responsabilidad y resultados para las familias de G\u00f3mez Palacio.<\/p>\n","protected":false},"excerpt":{"rendered":"<p>\u2022 Betzab\u00e9 Mart\u00ednez encabezar\u00e1 la presentaci\u00f3n de los ejes rectores de su gobierno G\u00f3mez Palacio, Dgo.\u2014 Tras haber sido aprobado el pasado jueves en sesi\u00f3n ordinaria de Cabildo, todo se encuentra listo para que la tarde de este lunes se lleve a cabo la presentaci\u00f3n del Plan Municipal de Desarrollo 2025\u20132028, documento que marcar\u00e1 el [&hellip;]<\/p>\n","protected":false},"author":1,"featured_media":27660,"comment_status":"open","ping_status":"open","sticky":false,"template":"","format":"standard","meta":{"_monsterinsights_skip_tracking":false,"_monsterinsights_sitenote_active":false,"_monsterinsights_sitenote_note":"","_monsterinsights_sitenote_category":0,"footnotes":""},"categories":[1],"tags":[],"_links":{"self":[{"href":"https:\/\/zonalimitrofe-cbnr.com\/index.php\/wp-json\/wp\/v2\/posts\/27659"}],"collection":[{"href":"https:\/\/zonalimitrofe-cbnr.com\/index.php\/wp-json\/wp\/v2\/posts"}],"about":[{"href":"https:\/\/zonalimitrofe-cbnr.com\/index.php\/wp-json\/wp\/v2\/types\/post"}],"author":[{"embeddable":true,"href":"https:\/\/zonalimitrofe-cbnr.com\/index.php\/wp-json\/wp\/v2\/users\/1"}],"replies":[{"embeddable":true,"href":"https:\/\/zonalimitrofe-cbnr.com\/index.php\/wp-json\/wp\/v2\/comments?post=27659"}],"version-history":[{"count":1,"href":"https:\/\/zonalimitrofe-cbnr.com\/index.php\/wp-json\/wp\/v2\/posts\/27659\/revisions"}],"predecessor-version":[{"id":27661,"href":"https:\/\/zonalimitrofe-cbnr.com\/index.php\/wp-json\/wp\/v2\/posts\/27659\/revisions\/27661"}],"wp:featuredmedia":[{"embeddable":true,"href":"https:\/\/zonalimitrofe-cbnr.com\/index.php\/wp-json\/wp\/v2\/media\/27660"}],"wp:attachment":[{"href":"https:\/\/zonalimitrofe-cbnr.com\/index.php\/wp-json\/wp\/v2\/media?parent=27659"}],"wp:term":[{"taxonomy":"category","embeddable":true,"href":"https:\/\/zonalimitrofe-cbnr.com\/index.php\/wp-json\/wp\/v2\/categories?post=27659"},{"taxonomy":"post_tag","embeddable":true,"href":"https:\/\/zonalimitrofe-cbnr.com\/index.php\/wp-json\/wp\/v2\/tags?post=27659"}],"curies":[{"name":"wp","href":"https:\/\/api.w.org\/{rel}","templated":true}]}}