{"id":27642,"date":"2025-11-29T17:25:06","date_gmt":"2025-11-29T23:25:06","guid":{"rendered":"https:\/\/zonalimitrofe-cbnr.com\/?p=27642"},"modified":"2025-11-29T17:25:07","modified_gmt":"2025-11-29T23:25:07","slug":"durango-se-concreta-donacion-de-terreno-para-crear-una-guarderia-del-imss-en-santiago-papasquiaro","status":"publish","type":"post","link":"https:\/\/zonalimitrofe-cbnr.com\/index.php\/2025\/11\/29\/durango-se-concreta-donacion-de-terreno-para-crear-una-guarderia-del-imss-en-santiago-papasquiaro\/","title":{"rendered":"#Durango. Se concreta donaci\u00f3n de terreno para crear una guarder\u00eda del IMSS en Santiago Papasquiaro"},"content":{"rendered":"\n<p>* _La guarder\u00eda atender\u00e1 hasta 200 ni\u00f1as y ni\u00f1os y apoyar\u00e1 a madres y padres trabajadores de la regi\u00f3n._<\/p>\n\n\n\n<p>Santiago Papasquiaro, Dgo.\u2014 El gobernador Esteban Villegas encabez\u00f3 el acto de donaci\u00f3n del terreno donde se construir\u00e1 el Centro de Educaci\u00f3n y Cuidado Infantil (CECI) del IMSS, destacando que este espacio permitir\u00e1 atender entre 150 y 200 ni\u00f1as y ni\u00f1os y dar\u00e1 soporte directo a madres y padres trabajadores de la regi\u00f3n. Se\u00f1al\u00f3 que esta obra forma parte del proyecto estatal de fortalecer la infraestructura social y que Santiago ser\u00e1 uno de los 15 municipios en Durango que contar\u00e1n con nuevas guarder\u00edas del IMSS.<\/p>\n\n\n\n<p>La presidenta municipal Karen Fernanda P\u00e9rez Herrera reconoci\u00f3 y agradeci\u00f3 al ciudadano Crist\u00f3bal Soto por la donaci\u00f3n del terreno y refrend\u00f3 el compromiso del Ayuntamiento para facilitar los tr\u00e1mites y la entrega formal al Instituto Mexicano del Seguro Social. La delegada del IMSS en Durango, Claudia D\u00edaz P\u00e9rez, resalt\u00f3 que estos centros educativos ofrecen atenci\u00f3n integral, con enfoque pedag\u00f3gico, nutricional y psicomotor, y asegur\u00f3 que el IMSS trabajar\u00e1 coordinadamente con el Gobierno del Estado y el municipio para que la guarder\u00eda de Santiago sea un modelo regional de atenci\u00f3n infantil.<br><\/p>\n","protected":false},"excerpt":{"rendered":"<p>* _La guarder\u00eda atender\u00e1 hasta 200 ni\u00f1as y ni\u00f1os y apoyar\u00e1 a madres y padres trabajadores de la regi\u00f3n._ Santiago Papasquiaro, Dgo.\u2014 El gobernador Esteban Villegas encabez\u00f3 el acto de donaci\u00f3n del terreno donde se construir\u00e1 el Centro de Educaci\u00f3n y Cuidado Infantil (CECI) del IMSS, destacando que este espacio permitir\u00e1 atender entre 150 y [&hellip;]<\/p>\n","protected":false},"author":1,"featured_media":27643,"comment_status":"open","ping_status":"open","sticky":false,"template":"","format":"standard","meta":{"_monsterinsights_skip_tracking":false,"_monsterinsights_sitenote_active":false,"_monsterinsights_sitenote_note":"","_monsterinsights_sitenote_category":0,"footnotes":""},"categories":[1],"tags":[],"_links":{"self":[{"href":"https:\/\/zonalimitrofe-cbnr.com\/index.php\/wp-json\/wp\/v2\/posts\/27642"}],"collection":[{"href":"https:\/\/zonalimitrofe-cbnr.com\/index.php\/wp-json\/wp\/v2\/posts"}],"about":[{"href":"https:\/\/zonalimitrofe-cbnr.com\/index.php\/wp-json\/wp\/v2\/types\/post"}],"author":[{"embeddable":true,"href":"https:\/\/zonalimitrofe-cbnr.com\/index.php\/wp-json\/wp\/v2\/users\/1"}],"replies":[{"embeddable":true,"href":"https:\/\/zonalimitrofe-cbnr.com\/index.php\/wp-json\/wp\/v2\/comments?post=27642"}],"version-history":[{"count":1,"href":"https:\/\/zonalimitrofe-cbnr.com\/index.php\/wp-json\/wp\/v2\/posts\/27642\/revisions"}],"predecessor-version":[{"id":27644,"href":"https:\/\/zonalimitrofe-cbnr.com\/index.php\/wp-json\/wp\/v2\/posts\/27642\/revisions\/27644"}],"wp:featuredmedia":[{"embeddable":true,"href":"https:\/\/zonalimitrofe-cbnr.com\/index.php\/wp-json\/wp\/v2\/media\/27643"}],"wp:attachment":[{"href":"https:\/\/zonalimitrofe-cbnr.com\/index.php\/wp-json\/wp\/v2\/media?parent=27642"}],"wp:term":[{"taxonomy":"category","embeddable":true,"href":"https:\/\/zonalimitrofe-cbnr.com\/index.php\/wp-json\/wp\/v2\/categories?post=27642"},{"taxonomy":"post_tag","embeddable":true,"href":"https:\/\/zonalimitrofe-cbnr.com\/index.php\/wp-json\/wp\/v2\/tags?post=27642"}],"curies":[{"name":"wp","href":"https:\/\/api.w.org\/{rel}","templated":true}]}}