{"id":27633,"date":"2025-11-29T17:12:16","date_gmt":"2025-11-29T23:12:16","guid":{"rendered":"https:\/\/zonalimitrofe-cbnr.com\/?p=27633"},"modified":"2025-11-29T17:12:16","modified_gmt":"2025-11-29T23:12:16","slug":"lerdo-en-lerdo-fortalecen-apoyos-a-familias-con-integrantes-neurodivergentes","status":"publish","type":"post","link":"https:\/\/zonalimitrofe-cbnr.com\/index.php\/2025\/11\/29\/lerdo-en-lerdo-fortalecen-apoyos-a-familias-con-integrantes-neurodivergentes\/","title":{"rendered":"#Lerdo. EN LERDO FORTALECEN APOYOS A FAMILIAS CON INTEGRANTES NEURODIVERGENTES*"},"content":{"rendered":"\n<p>Lerdo, 29 de nombre 2025.- A trav\u00e9s del Instituto Municipal para las Personas con Discapacidad, el Gobierno Municipal de Lerdo contin\u00faa impulsando acciones que fortalezcan la atenci\u00f3n a las familias con integrantes neurodivergentes. La titular de esta dependencia, Karimme Lizeth Caldera Cer\u00f3n, comparti\u00f3 que se han consolidado diversos convenios de colaboraci\u00f3n que permiten acercar servicios especializados y acompa\u00f1amiento profesional a la ciudadan\u00eda.<\/p>\n\n\n\n<p>Como parte del compromiso de la Presidenta Municipal Susy Carolina Torrecillas Salazar, por el bienestar de las familias lerdenses, el Instituto mantiene un convenio con el Hospital Infantil de Torre\u00f3n, donde las y los ni\u00f1os neurodivergentes pueden acceder a consultas con especialistas como neur\u00f3logos, psiquiatras y otorrinolaring\u00f3logos. Este v\u00ednculo facilita el acceso a servicios m\u00e9dicos esenciales para el diagn\u00f3stico y seguimiento de diversas neurodivergencias.<\/p>\n\n\n\n<p>Asimismo, se cuenta con la colaboraci\u00f3n de la nutri\u00f3loga Johana Gil, especialista en autismo, quien brinda consultas con un descuento del 75%, reduciendo su costo, lo que permite a m\u00e1s familias recibir orientaci\u00f3n nutrimental especializada.<\/p>\n\n\n\n<p>El Instituto tambi\u00e9n trabaja en coordinaci\u00f3n con el CRIT, instituci\u00f3n que ofrece \u00e1reas de atenci\u00f3n relacionadas con neurolog\u00eda y terapias especializadas. De igual manera, se mantiene colaboraci\u00f3n con el DIF Municipal, que pone a disposici\u00f3n servicios de psicolog\u00eda.<\/p>\n\n\n\n<p>Adem\u00e1s, se ha establecido una red de psic\u00f3logos especialistas particulares que ofrecen sus servicios con un descuento del 50%, ampliando la cobertura de atenci\u00f3n y fortaleciendo el apoyo comunitario.<\/p>\n\n\n\n<p>Con estas acciones, el Gobierno Municipal de Lerdo refrendan su compromiso de trabajar de manera cercana con las familias lerdenses, garantizando acceso a servicios m\u00e9dicos, terap\u00e9uticos y psicol\u00f3gicos que contribuyen al bienestar y desarrollo de ni\u00f1as, ni\u00f1os, adolescentes y adultos neurodivergentes.<\/p>\n","protected":false},"excerpt":{"rendered":"<p>Lerdo, 29 de nombre 2025.- A trav\u00e9s del Instituto Municipal para las Personas con Discapacidad, el Gobierno Municipal de Lerdo contin\u00faa impulsando acciones que fortalezcan la atenci\u00f3n a las familias con integrantes neurodivergentes. La titular de esta dependencia, Karimme Lizeth Caldera Cer\u00f3n, comparti\u00f3 que se han consolidado diversos convenios de colaboraci\u00f3n que permiten acercar servicios [&hellip;]<\/p>\n","protected":false},"author":1,"featured_media":27634,"comment_status":"open","ping_status":"open","sticky":false,"template":"","format":"standard","meta":{"_monsterinsights_skip_tracking":false,"_monsterinsights_sitenote_active":false,"_monsterinsights_sitenote_note":"","_monsterinsights_sitenote_category":0,"footnotes":""},"categories":[1],"tags":[],"_links":{"self":[{"href":"https:\/\/zonalimitrofe-cbnr.com\/index.php\/wp-json\/wp\/v2\/posts\/27633"}],"collection":[{"href":"https:\/\/zonalimitrofe-cbnr.com\/index.php\/wp-json\/wp\/v2\/posts"}],"about":[{"href":"https:\/\/zonalimitrofe-cbnr.com\/index.php\/wp-json\/wp\/v2\/types\/post"}],"author":[{"embeddable":true,"href":"https:\/\/zonalimitrofe-cbnr.com\/index.php\/wp-json\/wp\/v2\/users\/1"}],"replies":[{"embeddable":true,"href":"https:\/\/zonalimitrofe-cbnr.com\/index.php\/wp-json\/wp\/v2\/comments?post=27633"}],"version-history":[{"count":1,"href":"https:\/\/zonalimitrofe-cbnr.com\/index.php\/wp-json\/wp\/v2\/posts\/27633\/revisions"}],"predecessor-version":[{"id":27635,"href":"https:\/\/zonalimitrofe-cbnr.com\/index.php\/wp-json\/wp\/v2\/posts\/27633\/revisions\/27635"}],"wp:featuredmedia":[{"embeddable":true,"href":"https:\/\/zonalimitrofe-cbnr.com\/index.php\/wp-json\/wp\/v2\/media\/27634"}],"wp:attachment":[{"href":"https:\/\/zonalimitrofe-cbnr.com\/index.php\/wp-json\/wp\/v2\/media?parent=27633"}],"wp:term":[{"taxonomy":"category","embeddable":true,"href":"https:\/\/zonalimitrofe-cbnr.com\/index.php\/wp-json\/wp\/v2\/categories?post=27633"},{"taxonomy":"post_tag","embeddable":true,"href":"https:\/\/zonalimitrofe-cbnr.com\/index.php\/wp-json\/wp\/v2\/tags?post=27633"}],"curies":[{"name":"wp","href":"https:\/\/api.w.org\/{rel}","templated":true}]}}