{"id":27615,"date":"2025-11-28T13:33:04","date_gmt":"2025-11-28T19:33:04","guid":{"rendered":"https:\/\/zonalimitrofe-cbnr.com\/?p=27615"},"modified":"2025-11-28T13:33:05","modified_gmt":"2025-11-28T19:33:05","slug":"durango-arranca-esteban-proceso-para-concluir-el-auditorio-del-nucleo-universitario-de-la-ujed-en-la-laguna","status":"publish","type":"post","link":"https:\/\/zonalimitrofe-cbnr.com\/index.php\/2025\/11\/28\/durango-arranca-esteban-proceso-para-concluir-el-auditorio-del-nucleo-universitario-de-la-ujed-en-la-laguna\/","title":{"rendered":"#Durango. Arranca Esteban proceso para concluir el auditorio del N\u00facleo Universitario de la UJED en La Laguna*"},"content":{"rendered":"\n<p>\u2022 _Esta obra se suma a la modernizaci\u00f3n de la UJED, con m\u00e1s de 200 mdp invertidos en Durango capital._<\/p>\n\n\n\n<p>\u2022 _Este espacio beneficiar\u00e1 directamente a alrededor de 4 mil estudiantes de la Regi\u00f3n Lagunera._<\/p>\n\n\n\n<p>\u2022 _La obra contempla dos canchas de duela, con capacidad para 3 mil personas y equipamiento profesional._<\/p>\n\n\n\n<p>G\u00f3mez Palacio, Dgo.\u2014 Con una inversi\u00f3n cercana a los 20 millones de pesos, comenz\u00f3 el proceso para concluir y modernizar el auditorio del N\u00facleo Universitario de la UJED en La Laguna, un recinto que beneficiar\u00e1 alrededor de 4 mil estudiantes y habitantes de la regi\u00f3n. El gobernador Esteban Villegas Villarreal destac\u00f3 que este espacio tendr\u00e1 un uso abierto y comunitario: \u201cImag\u00ednense nom\u00e1s este auditorio ya cuando est\u00e9 terminado. Lo van a poder utilizar no solamente los universitarios, sino tambi\u00e9n la gente de la Comarca Lagunera\u201d, afirm\u00f3.<\/p>\n\n\n\n<p>Esta intervenci\u00f3n se suma al esfuerzo de infraestructura educativa del Gobierno del Estado en la UJED en Durango capital, donde se invierten 200 millones de pesos en acciones como la nueva Plaza Universitaria, la rehabilitaci\u00f3n de la Facultad de Medicina, el auditorio y la cancha sint\u00e9tica de la Preparatoria Diurna, as\u00ed como mejoras en Ciencias Qu\u00edmicas, Educaci\u00f3n F\u00edsica, Matem\u00e1ticas y Psicolog\u00eda.<\/p>\n\n\n\n<p>El rector de la UJED, Ram\u00f3n Garc\u00eda Rivera, celebr\u00f3 este anuncio al destacar el alcance acad\u00e9mico, deportivo y social de la obra: \u201cHoy es un d\u00eda hist\u00f3rico, se van a ver beneficiados m\u00e1s de 4 mil j\u00f3venes y tambi\u00e9n sus familias. Ser\u00e1 el \u00fanico auditorio en La Laguna con dos canchas y capacidad para 3 mil personas\u201d, expres\u00f3.<\/p>\n\n\n\n<p>El proyecto contempla dos canchas con duela profesional, gradas para 840 espectadores, espacio para 1,960 sillas adicionales, tableros retr\u00e1ctiles, escenario para actividades culturales, sanitarios p\u00fablicos y vestidores para deportistas. Emmanuel del Palacio Sicsik, director del INIFEED, inform\u00f3 que se corregir\u00e1n filtraciones, se instalar\u00e1 aislante t\u00e9rmico y se renovar\u00e1 por completo la fachada. \u201cQuedar\u00e1n dos duelas de maple y cabr\u00e1n aproximadamente 3 mil personas adentro del auditorio\u201d, se\u00f1al\u00f3.<\/p>\n\n\n\n<p>La obra comprende 2,324 metros cuadrados construidos y una inversi\u00f3n distribuida en 11.9 millones ya ejercidos y 19.7 millones que corresponden a la etapa final. El proceso de licitaci\u00f3n inicia hoy y concluir\u00e1 en diciembre de 2025, mientras que la construcci\u00f3n se desarrollar\u00e1 entre enero y noviembre de 2026, con un plazo total de 11 meses.<\/p>\n\n\n\n<p>Con estas acciones, el Gobierno del Estado y la UJED fortalecen la infraestructura universitaria de La Laguna y refrendan su compromiso con la educaci\u00f3n, el deporte y la formaci\u00f3n integral de la juventud, brindando un espacio moderno, funcional y digno para el desarrollo acad\u00e9mico y comunitario.<br><\/p>\n","protected":false},"excerpt":{"rendered":"<p>\u2022 _Esta obra se suma a la modernizaci\u00f3n de la UJED, con m\u00e1s de 200 mdp invertidos en Durango capital._ \u2022 _Este espacio beneficiar\u00e1 directamente a alrededor de 4 mil estudiantes de la Regi\u00f3n Lagunera._ \u2022 _La obra contempla dos canchas de duela, con capacidad para 3 mil personas y equipamiento profesional._ G\u00f3mez Palacio, Dgo.\u2014 [&hellip;]<\/p>\n","protected":false},"author":1,"featured_media":27616,"comment_status":"open","ping_status":"open","sticky":false,"template":"","format":"standard","meta":{"_monsterinsights_skip_tracking":false,"_monsterinsights_sitenote_active":false,"_monsterinsights_sitenote_note":"","_monsterinsights_sitenote_category":0,"footnotes":""},"categories":[1],"tags":[],"_links":{"self":[{"href":"https:\/\/zonalimitrofe-cbnr.com\/index.php\/wp-json\/wp\/v2\/posts\/27615"}],"collection":[{"href":"https:\/\/zonalimitrofe-cbnr.com\/index.php\/wp-json\/wp\/v2\/posts"}],"about":[{"href":"https:\/\/zonalimitrofe-cbnr.com\/index.php\/wp-json\/wp\/v2\/types\/post"}],"author":[{"embeddable":true,"href":"https:\/\/zonalimitrofe-cbnr.com\/index.php\/wp-json\/wp\/v2\/users\/1"}],"replies":[{"embeddable":true,"href":"https:\/\/zonalimitrofe-cbnr.com\/index.php\/wp-json\/wp\/v2\/comments?post=27615"}],"version-history":[{"count":1,"href":"https:\/\/zonalimitrofe-cbnr.com\/index.php\/wp-json\/wp\/v2\/posts\/27615\/revisions"}],"predecessor-version":[{"id":27617,"href":"https:\/\/zonalimitrofe-cbnr.com\/index.php\/wp-json\/wp\/v2\/posts\/27615\/revisions\/27617"}],"wp:featuredmedia":[{"embeddable":true,"href":"https:\/\/zonalimitrofe-cbnr.com\/index.php\/wp-json\/wp\/v2\/media\/27616"}],"wp:attachment":[{"href":"https:\/\/zonalimitrofe-cbnr.com\/index.php\/wp-json\/wp\/v2\/media?parent=27615"}],"wp:term":[{"taxonomy":"category","embeddable":true,"href":"https:\/\/zonalimitrofe-cbnr.com\/index.php\/wp-json\/wp\/v2\/categories?post=27615"},{"taxonomy":"post_tag","embeddable":true,"href":"https:\/\/zonalimitrofe-cbnr.com\/index.php\/wp-json\/wp\/v2\/tags?post=27615"}],"curies":[{"name":"wp","href":"https:\/\/api.w.org\/{rel}","templated":true}]}}