{"id":27612,"date":"2025-11-28T13:30:27","date_gmt":"2025-11-28T19:30:27","guid":{"rendered":"https:\/\/zonalimitrofe-cbnr.com\/?p=27612"},"modified":"2025-11-28T13:30:27","modified_gmt":"2025-11-28T19:30:27","slug":"torreon-aprueban-calendarizacion-de-sesiones-para-los-meses-de-enero-a-marzo-de-2026-de-la-comision-de-contraloria-y-desarrollo-institucional","status":"publish","type":"post","link":"https:\/\/zonalimitrofe-cbnr.com\/index.php\/2025\/11\/28\/torreon-aprueban-calendarizacion-de-sesiones-para-los-meses-de-enero-a-marzo-de-2026-de-la-comision-de-contraloria-y-desarrollo-institucional\/","title":{"rendered":"#Torre\u00f3n. Aprueban calendarizaci\u00f3n de sesiones para los meses de enero a marzo de 2026 de la comisi\u00f3n de Contralor\u00eda y Desarrollo Institucional"},"content":{"rendered":"\n<p><strong>Torre\u00f3n, Coahuila. A 28 de noviembre de 2025<\/strong>.- Durante la d\u00e9cima segunda sesi\u00f3n de la comisi\u00f3n de Contralor\u00eda y Desarrollo Institucional que se llev\u00f3 a cabo de forma virtual, se aprob\u00f3 la calendarizaci\u00f3n de las sesiones para los meses de enero a marzo del siguiente a\u00f1o. El regidor y presidente de la comisi\u00f3n, Ra\u00fal Fabian Ruelas Navarro, se\u00f1al\u00f3 la importancia de esta calendarizaci\u00f3n, la cual va a permitir desahogar temas relevantes e incluir los relacionados con las iniciativas presentadas en conjunto por las comisiones de Contralor\u00eda, Gobernaci\u00f3n y Transparencia. \u201cEra fundamental establecer temas y fechas con los miembros de la comisi\u00f3n, directores e involucrados en los asuntos que debemos revisar\u201d, resalt\u00f3. Mencion\u00f3 que de esta forma se adelanta el trabajo de organizaci\u00f3n y planeaci\u00f3n para tratar los temas relevantes en beneficio de los torreonenses. La Comisi\u00f3n es presidida por el regidor Ra\u00fal Fabian Ruelas Navarro, e integrada por los ediles Mar\u00eda Fernanda Gonz\u00e1lez Aponte, Diego Ontiveros Renter\u00eda, Natalia Guadalupe Fern\u00e1ndez Mart\u00ednez y Zazil Pacheco P\u00e9rez.<\/p>\n","protected":false},"excerpt":{"rendered":"<p>Torre\u00f3n, Coahuila. A 28 de noviembre de 2025.- Durante la d\u00e9cima segunda sesi\u00f3n de la comisi\u00f3n de Contralor\u00eda y Desarrollo Institucional que se llev\u00f3 a cabo de forma virtual, se aprob\u00f3 la calendarizaci\u00f3n de las sesiones para los meses de enero a marzo del siguiente a\u00f1o. El regidor y presidente de la comisi\u00f3n, Ra\u00fal Fabian [&hellip;]<\/p>\n","protected":false},"author":1,"featured_media":27613,"comment_status":"open","ping_status":"open","sticky":false,"template":"","format":"standard","meta":{"_monsterinsights_skip_tracking":false,"_monsterinsights_sitenote_active":false,"_monsterinsights_sitenote_note":"","_monsterinsights_sitenote_category":0,"footnotes":""},"categories":[1],"tags":[],"_links":{"self":[{"href":"https:\/\/zonalimitrofe-cbnr.com\/index.php\/wp-json\/wp\/v2\/posts\/27612"}],"collection":[{"href":"https:\/\/zonalimitrofe-cbnr.com\/index.php\/wp-json\/wp\/v2\/posts"}],"about":[{"href":"https:\/\/zonalimitrofe-cbnr.com\/index.php\/wp-json\/wp\/v2\/types\/post"}],"author":[{"embeddable":true,"href":"https:\/\/zonalimitrofe-cbnr.com\/index.php\/wp-json\/wp\/v2\/users\/1"}],"replies":[{"embeddable":true,"href":"https:\/\/zonalimitrofe-cbnr.com\/index.php\/wp-json\/wp\/v2\/comments?post=27612"}],"version-history":[{"count":1,"href":"https:\/\/zonalimitrofe-cbnr.com\/index.php\/wp-json\/wp\/v2\/posts\/27612\/revisions"}],"predecessor-version":[{"id":27614,"href":"https:\/\/zonalimitrofe-cbnr.com\/index.php\/wp-json\/wp\/v2\/posts\/27612\/revisions\/27614"}],"wp:featuredmedia":[{"embeddable":true,"href":"https:\/\/zonalimitrofe-cbnr.com\/index.php\/wp-json\/wp\/v2\/media\/27613"}],"wp:attachment":[{"href":"https:\/\/zonalimitrofe-cbnr.com\/index.php\/wp-json\/wp\/v2\/media?parent=27612"}],"wp:term":[{"taxonomy":"category","embeddable":true,"href":"https:\/\/zonalimitrofe-cbnr.com\/index.php\/wp-json\/wp\/v2\/categories?post=27612"},{"taxonomy":"post_tag","embeddable":true,"href":"https:\/\/zonalimitrofe-cbnr.com\/index.php\/wp-json\/wp\/v2\/tags?post=27612"}],"curies":[{"name":"wp","href":"https:\/\/api.w.org\/{rel}","templated":true}]}}