{"id":27596,"date":"2025-11-27T20:07:51","date_gmt":"2025-11-28T02:07:51","guid":{"rendered":"https:\/\/zonalimitrofe-cbnr.com\/?p=27596"},"modified":"2025-11-27T20:07:51","modified_gmt":"2025-11-28T02:07:51","slug":"torreon-roman-alberto-cepeda-gonzalez-asiste-a-la-reapertura-del-consulado-honorario-espanol-en-torreon","status":"publish","type":"post","link":"https:\/\/zonalimitrofe-cbnr.com\/index.php\/2025\/11\/27\/torreon-roman-alberto-cepeda-gonzalez-asiste-a-la-reapertura-del-consulado-honorario-espanol-en-torreon\/","title":{"rendered":"#Torre\u00f3n. Rom\u00e1n Alberto Cepeda Gonz\u00e1lez asiste a la reapertura del Consulado Honorario Espa\u00f1ol en Torre\u00f3n"},"content":{"rendered":"\n<p>Torre\u00f3n, Coahuila. A 27 de noviembre de 2025<\/p>\n\n\n\n<p>Con el objetivo de fortalecer los lazos culturales, econ\u00f3micos y de cooperaci\u00f3n, el alcalde Rom\u00e1n Alberto Cepeda Gonz\u00e1lez asisti\u00f3 a la reapertura del Consulado Honorario Espa\u00f1ol en Torre\u00f3n, junto con Vicente J. Mas Taladriz, C\u00f3nsul General de Espa\u00f1a en Monterrey, y Blas Flores Gonz\u00e1lez, Jefe de Gabinete y Proyectos Estrat\u00e9gicos del Estado, en representaci\u00f3n del gobernador Manolo Jim\u00e9nez Salinas.<\/p>\n\n\n\n<p>La reapertura de este nuevo espacio ubicado en el Parque Espa\u00f1a, que estuvo a cargo de la C\u00f3nsul Honoraria de Espa\u00f1a en Torre\u00f3n, Angelina Ruenes Calvete, y del C\u00f3nsul Vicente J. Mas Taladriz, se da tras un a\u00f1o y medio de que la oficina permaneci\u00f3 cerrada.<\/p>\n\n\n\n<p>En su mensaje, el Alcalde dijo que la reactivaci\u00f3n del Consulado es importante para Torre\u00f3n y para Coahuila, y destac\u00f3 el origen multi\u00e9tnico del municipio, y el papel de Espa\u00f1a en la historia de esta ciudad.<\/p>\n\n\n\n<p>\u201cTorre\u00f3n tiene 118 a\u00f1os, y es importante reconocer el origen de una regi\u00f3n que ha formado una identidad propia en funci\u00f3n de su origen multi\u00e9tnico. La comunidad espa\u00f1ola representa un tema cualitativo que tiene que ver con origen, con identidad y con un tema de beneficencia como es el Sanatorio Espa\u00f1ol, o el propio Club Social. Adem\u00e1s, reconozco la participaci\u00f3n de grandes empresarios que son parte de organizaciones no gubernamentales con fines dirigidos al sector educativo, y a personas con alg\u00fan tipo de discapacidad\u201d, mencion\u00f3 el edil.<\/p>\n\n\n\n<p>El Presidente Municipal reiter\u00f3 que la Zona Metropolitana tiene un origen multi\u00e9tnico con presencia de espa\u00f1oles, \u00e1rabes, libaneses, americanos y franceses, entre otras nacionalidades que son parte de la identidad de La Laguna.<\/p>\n\n\n\n<p>En ese sentido, reconoci\u00f3 el esfuerzo para volver a abrir el Consulado en Torre\u00f3n, municipio que destaca por las condiciones de seguridad y desarrollo, al igual que Coahuila.<\/p>\n\n\n\n<p>\u201cEs importante reconocer la unidad, el trabajo conjunto, la coordinaci\u00f3n y la pol\u00edtica p\u00fablica del gobernador Manolo Jim\u00e9nez alineada a un tema prioritario que es seguridad y orden. Coahuila es de los pocos estados con cinco regiones que cada una tiene su propia identidad, y que cuenta con cuatro aeropuertos internacionales,<\/p>\n\n\n\n<p>y el Consulado es parte importante del reconocimiento al trabajo de quienes tomaron un riesgo para venir y fincar un sue\u00f1o, y sembrar una semilla en esta tierra que ha dado frutos y le ha dado identidad a La Laguna, a Torre\u00f3n y a Coahuila\u201d.<\/p>\n\n\n\n<p>Por su parte, Blas Jos\u00e9 Flores Gonz\u00e1lez, Jefe de Gabinete y Proyectos Estrat\u00e9gicos del Estado, refiri\u00f3 que la reapertura del Consulado Honorario Espa\u00f1ol en Torre\u00f3n reafirma el v\u00ednculo hist\u00f3rico y valioso entre las comunidades.<\/p>\n\n\n\n<p>\u201cEspa\u00f1a ha sido y contin\u00faa siendo un socio estrat\u00e9gico para M\u00e9xico, Coahuila y Torre\u00f3n, su influencia hist\u00f3rica en La Laguna se refleja en el desarrollo econ\u00f3mico de la regi\u00f3n, con la creaci\u00f3n de instituciones emblem\u00e1ticas como el Club Social Deportivo y el Sanatorio Espa\u00f1ol que dan testimonio de su compromiso con el progreso social, y cultural de esta ciudad\u201d, expres\u00f3.<\/p>\n\n\n\n<p>Cepeda Gonz\u00e1lez dijo que La Laguna y Torre\u00f3n siguen siendo una tierra de oportunidades y un espacio que favorece el crecimiento, la realizaci\u00f3n personal y profesional. Asimismo, destac\u00f3 que Coahuila es actualmente el segundo estado m\u00e1s seguro de M\u00e9xico, y Torre\u00f3n se ubica dentro de las ciudades m\u00e1s seguras del pa\u00eds.<\/p>\n\n\n\n<p>\u201cEsta certeza constituye un pilar fundamental para atraer nuevas inversiones, adem\u00e1s de tener una conectividad estrat\u00e9gica, mano de obra altamente calificada y un ecosistema industrial en constante expansi\u00f3n\u201d, reiter\u00f3.<\/p>\n\n\n\n<p>Tambi\u00e9n anunci\u00f3 que el pr\u00f3ximo a\u00f1o M\u00e9xico es el pa\u00eds invitado a la Feria de Turismo m\u00e1s importante del mundo que se lleva a cabo en Madrid, Espa\u00f1a.<\/p>\n\n\n\n<p>Angelina Ruenes Calvete, C\u00f3nsul Honoraria de Espa\u00f1a en Torre\u00f3n, dijo que hoy no solo se reabre un consulado, sino una casa que resguarda la historia, los sue\u00f1os y el esfuerzo de los migrantes que llegaron esta tierra con esperanza, ilusiones y determinaci\u00f3n.<\/p>\n\n\n\n<p>\u201cEllos hicieron de esta tierra su hogar y contribuyeron a dar forma con su trabajo, su visi\u00f3n y su entrega. Sentimos una profunda gratitud por quienes con valent\u00eda, ilusiones y determinaci\u00f3n fundaron instituciones como el Parque Espa\u00f1a y la beneficencia espa\u00f1ola, las cuales no solo acompa\u00f1aron a la comunidad espa\u00f1ola, sino que tambi\u00e9n impulsaron el crecimiento y la consumaci\u00f3n de esta gran regi\u00f3n\u201d, mencion\u00f3.<\/p>\n\n\n\n<p>Dijo que el consulado representa servicio, acompa\u00f1amiento y presencia, as\u00ed como un espacio de apoyo, orientaci\u00f3n, y un contacto directo entre ambas naciones.<\/p>\n\n\n\n<p>El C\u00f3nsul General de Espa\u00f1a en Monterrey, Vicente J. Mas Taladriz, C\u00f3nsul, comparti\u00f3 que Torre\u00f3n despert\u00f3 su inter\u00e9s y que a pesar de ser una ciudad relativamente joven, puede presumir de tener tantos v\u00ednculos con Espa\u00f1a.<\/p>\n\n\n\n<p>Estuvieron tambi\u00e9n presentes: Arsenio Gonz\u00e1lez Garc\u00eda, presidente del Consejo del Sanatorio Espa\u00f1ol; Iv\u00e1n Garza Tijerina, presidente del Consejo de Administraci\u00f3n del Parque Espa\u00f1a Torre\u00f3n; y Jes\u00fas Ruenes Cortinas, espa\u00f1ol residente de Torre\u00f3n.<\/p>\n","protected":false},"excerpt":{"rendered":"<p>Torre\u00f3n, Coahuila. A 27 de noviembre de 2025 Con el objetivo de fortalecer los lazos culturales, econ\u00f3micos y de cooperaci\u00f3n, el alcalde Rom\u00e1n Alberto Cepeda Gonz\u00e1lez asisti\u00f3 a la reapertura del Consulado Honorario Espa\u00f1ol en Torre\u00f3n, junto con Vicente J. Mas Taladriz, C\u00f3nsul General de Espa\u00f1a en Monterrey, y Blas Flores Gonz\u00e1lez, Jefe de Gabinete [&hellip;]<\/p>\n","protected":false},"author":1,"featured_media":27597,"comment_status":"open","ping_status":"open","sticky":false,"template":"","format":"standard","meta":{"_monsterinsights_skip_tracking":false,"_monsterinsights_sitenote_active":false,"_monsterinsights_sitenote_note":"","_monsterinsights_sitenote_category":0,"footnotes":""},"categories":[1],"tags":[],"_links":{"self":[{"href":"https:\/\/zonalimitrofe-cbnr.com\/index.php\/wp-json\/wp\/v2\/posts\/27596"}],"collection":[{"href":"https:\/\/zonalimitrofe-cbnr.com\/index.php\/wp-json\/wp\/v2\/posts"}],"about":[{"href":"https:\/\/zonalimitrofe-cbnr.com\/index.php\/wp-json\/wp\/v2\/types\/post"}],"author":[{"embeddable":true,"href":"https:\/\/zonalimitrofe-cbnr.com\/index.php\/wp-json\/wp\/v2\/users\/1"}],"replies":[{"embeddable":true,"href":"https:\/\/zonalimitrofe-cbnr.com\/index.php\/wp-json\/wp\/v2\/comments?post=27596"}],"version-history":[{"count":1,"href":"https:\/\/zonalimitrofe-cbnr.com\/index.php\/wp-json\/wp\/v2\/posts\/27596\/revisions"}],"predecessor-version":[{"id":27598,"href":"https:\/\/zonalimitrofe-cbnr.com\/index.php\/wp-json\/wp\/v2\/posts\/27596\/revisions\/27598"}],"wp:featuredmedia":[{"embeddable":true,"href":"https:\/\/zonalimitrofe-cbnr.com\/index.php\/wp-json\/wp\/v2\/media\/27597"}],"wp:attachment":[{"href":"https:\/\/zonalimitrofe-cbnr.com\/index.php\/wp-json\/wp\/v2\/media?parent=27596"}],"wp:term":[{"taxonomy":"category","embeddable":true,"href":"https:\/\/zonalimitrofe-cbnr.com\/index.php\/wp-json\/wp\/v2\/categories?post=27596"},{"taxonomy":"post_tag","embeddable":true,"href":"https:\/\/zonalimitrofe-cbnr.com\/index.php\/wp-json\/wp\/v2\/tags?post=27596"}],"curies":[{"name":"wp","href":"https:\/\/api.w.org\/{rel}","templated":true}]}}