{"id":27567,"date":"2025-11-27T19:30:56","date_gmt":"2025-11-28T01:30:56","guid":{"rendered":"https:\/\/zonalimitrofe-cbnr.com\/?p=27567"},"modified":"2025-11-27T19:30:56","modified_gmt":"2025-11-28T01:30:56","slug":"uadec-firman-uadec-y-cdhec-convenio-para-promover-la-defensa-de-los-derechos-humanos","status":"publish","type":"post","link":"https:\/\/zonalimitrofe-cbnr.com\/index.php\/2025\/11\/27\/uadec-firman-uadec-y-cdhec-convenio-para-promover-la-defensa-de-los-derechos-humanos\/","title":{"rendered":"#UAdeC. Firman UAdeC y CDHEC Convenio para Promover la Defensa de los Derechos Humanos"},"content":{"rendered":"\n<p>SALTILLO, Coahuila. 27 de noviembre de 2025. La Universidad Aut\u00f3noma de Coahuila y la Comisi\u00f3n de Derechos Humanos del Estado de Coahuila de Zaragoza (CDHEC), firmaron un convenio de colaboraci\u00f3n \u201cUAdeC-CDHEC. Promotores de Derechos Humanos\u201d, con el objetivo de impulsar la promoci\u00f3n, ense\u00f1anza y capacitaci\u00f3n en materia de derechos humanos entre la comunidad universitaria y grupos en situaci\u00f3n de vulnerabilidad.<\/p>\n\n\n\n<p>El documento fue signado en la Sala de juntas del Despacho de Rector\u00eda por el rector de la UAdeC, Octavio Pimentel Mart\u00ednez y el presidente de la Comisi\u00f3n de Derechos Humanos de Coahuila, Jos\u00e9 \u00c1ngel Rodr\u00edguez Canales; acompa\u00f1ados por el secretario general de la UAdeC, V\u00edctor S\u00e1nchez Vald\u00e9s, el oficial Mayor, Josu\u00e9 Garza Carrales, la coordinadora de la Unidad Sureste, Eva Kerena Hern\u00e1ndez Mart\u00ednez; la directora de Asuntos Acad\u00e9micos, Adriana Centeno Aranda.<\/p>\n\n\n\n<p>As\u00ed como la titular del Tribunal Universitario de al UAdeC, Nadia Salas Carrillo, el coordinador de Extensi\u00f3n Universitaria, David Hern\u00e1ndez Barrera, la subcoordinadora de Responsabilidad Social, Daniela Vald\u00e9s Barr\u00f3n; el director general de la CDHEC, Enrique Flores Enr\u00edquez; el capacitador de la CDHEC, Sa\u00fal Loera Alfaro y los estudiantes pertenecientes a \u201cLobos en Acci\u00f3n\u201d, Gabriela Elizondo, Pablo S\u00e1nchez Herrera y Jos\u00e9 Luis Orozco Garibay.<\/p>\n\n\n\n<p>En su mensaje de bienvenida, la titular del Tribunal Universitario, Nadia Salas Carrillo, destac\u00f3 que el convenio representa un recordatorio del compromiso institucional para impulsar acciones estrat\u00e9gicas que fortalezcan la formaci\u00f3n integral del alumnado, ya que las juventudes son el eje central de este esfuerzo, por lo que la Universidad trabajar\u00e1 para prepararlas en la promoci\u00f3n, divulgaci\u00f3n y respeto de los derechos humanos, mediante programas impulsados por diversas \u00e1reas universitarias.<\/p>\n\n\n\n<p>Por lo anterior, agradeci\u00f3 la presencia del funcionariado y del estudiantado, a quienes describi\u00f3 como agentes de cambio y principales operadores del acuerdo, pues asumir\u00e1n el papel de promotores de derechos humanos dentro de la Universidad.<\/p>\n\n\n\n<p>En su mensaje, el rector Octavio Pimentel Mart\u00ednez, reconoci\u00f3 al presidente de la CDHEC, Jos\u00e9 \u00c1ngel Rodr\u00edguez Canales, como un l\u00edder congruente, preparado y con experiencia para fortalecer la defensa y promoci\u00f3n de los derechos humanos en el estado, al se\u00f1alar que, durante las reuniones previas al convenio, ambas instituciones coincidieron en que la prioridad debe ser apostar por las juventudes, coloc\u00e1ndolas al centro del modelo educativo y del trabajo universitario.<\/p>\n\n\n\n<p>Pimentel Mart\u00ednez enfatiz\u00f3 que la UAdeC ha fortalecido diversas \u00e1reas para contribuir al desarrollo social, pero que estos esfuerzos requieren aliados estrat\u00e9gicos como la CDHEC, lo que permitir\u00e1 consolidar proyectos de formaci\u00f3n de promotores y<\/p>\n\n\n\n<p>promotoras de derechos humanos, as\u00ed como ampliar la difusi\u00f3n y comprensi\u00f3n del papel que desempe\u00f1a la Comisi\u00f3n entre las y los j\u00f3venes.<\/p>\n","protected":false},"excerpt":{"rendered":"<p>SALTILLO, Coahuila. 27 de noviembre de 2025. La Universidad Aut\u00f3noma de Coahuila y la Comisi\u00f3n de Derechos Humanos del Estado de Coahuila de Zaragoza (CDHEC), firmaron un convenio de colaboraci\u00f3n \u201cUAdeC-CDHEC. Promotores de Derechos Humanos\u201d, con el objetivo de impulsar la promoci\u00f3n, ense\u00f1anza y capacitaci\u00f3n en materia de derechos humanos entre la comunidad universitaria y [&hellip;]<\/p>\n","protected":false},"author":1,"featured_media":27568,"comment_status":"open","ping_status":"open","sticky":false,"template":"","format":"standard","meta":{"_monsterinsights_skip_tracking":false,"_monsterinsights_sitenote_active":false,"_monsterinsights_sitenote_note":"","_monsterinsights_sitenote_category":0,"footnotes":""},"categories":[1],"tags":[],"_links":{"self":[{"href":"https:\/\/zonalimitrofe-cbnr.com\/index.php\/wp-json\/wp\/v2\/posts\/27567"}],"collection":[{"href":"https:\/\/zonalimitrofe-cbnr.com\/index.php\/wp-json\/wp\/v2\/posts"}],"about":[{"href":"https:\/\/zonalimitrofe-cbnr.com\/index.php\/wp-json\/wp\/v2\/types\/post"}],"author":[{"embeddable":true,"href":"https:\/\/zonalimitrofe-cbnr.com\/index.php\/wp-json\/wp\/v2\/users\/1"}],"replies":[{"embeddable":true,"href":"https:\/\/zonalimitrofe-cbnr.com\/index.php\/wp-json\/wp\/v2\/comments?post=27567"}],"version-history":[{"count":1,"href":"https:\/\/zonalimitrofe-cbnr.com\/index.php\/wp-json\/wp\/v2\/posts\/27567\/revisions"}],"predecessor-version":[{"id":27569,"href":"https:\/\/zonalimitrofe-cbnr.com\/index.php\/wp-json\/wp\/v2\/posts\/27567\/revisions\/27569"}],"wp:featuredmedia":[{"embeddable":true,"href":"https:\/\/zonalimitrofe-cbnr.com\/index.php\/wp-json\/wp\/v2\/media\/27568"}],"wp:attachment":[{"href":"https:\/\/zonalimitrofe-cbnr.com\/index.php\/wp-json\/wp\/v2\/media?parent=27567"}],"wp:term":[{"taxonomy":"category","embeddable":true,"href":"https:\/\/zonalimitrofe-cbnr.com\/index.php\/wp-json\/wp\/v2\/categories?post=27567"},{"taxonomy":"post_tag","embeddable":true,"href":"https:\/\/zonalimitrofe-cbnr.com\/index.php\/wp-json\/wp\/v2\/tags?post=27567"}],"curies":[{"name":"wp","href":"https:\/\/api.w.org\/{rel}","templated":true}]}}