{"id":2755,"date":"2024-03-11T15:49:52","date_gmt":"2024-03-11T21:49:52","guid":{"rendered":"https:\/\/zonalimitrofe-cbnr.com\/?p=2755"},"modified":"2024-03-11T15:49:52","modified_gmt":"2024-03-11T21:49:52","slug":"uadec-invitan-a-participar-en-la-septima-edicion-de-locos-por-la-vida-sana","status":"publish","type":"post","link":"https:\/\/zonalimitrofe-cbnr.com\/index.php\/2024\/03\/11\/uadec-invitan-a-participar-en-la-septima-edicion-de-locos-por-la-vida-sana\/","title":{"rendered":"#UAdeC. Invitan a Participar en la S\u00e9ptima Edici\u00f3n de \u201cLocos por la Vida Sana\u201d"},"content":{"rendered":"\n<p>TORRE\u00d3N, Coahuila. 11 de marzo de 2024. La Universidad Aut\u00f3noma de Coahuila a trav\u00e9s de la Facultad de Ciencias Pol\u00edticas y Sociales (FCPyS) Unidad Torre\u00f3n, invita a la comunidad universitaria a participar en la s\u00e9ptima edici\u00f3n del proyecto \u201cLocos por la vida sana\u201d, que se llevar\u00e1 a cabo los d\u00edas 13, 14 y 15 de marzo de 2024 en Ciudad Universitaria Campus Torre\u00f3n.<\/p>\n\n\n\n<p>En conferencia de prensa dieron a conocer los detalles del evento, el director de la FCPyS, Ricardo Jurado Rangel, el coordinador del Departamento Extensi\u00f3n Universitaria, Bernardo Hern\u00e1ndez Mu\u00f1oz, la jefa del Departamento de Comunicaci\u00f3n Institucional de Unidad Torre\u00f3n, Erika Torres Fabela, as\u00ed como, los estudiantes y miembros del comit\u00e9 organizador, Silvia Lizbeth Figueroa Barraza y Diego Serna Trejo.<\/p>\n\n\n\n<p>Se\u00f1alaron que, el proyecto \u201cLocos por una vida sana\u201d, es impulsado por los estudiantes que actualmente cursan el octavo semestre de la Licenciatura en Ciencias de la Comunicaci\u00f3n de la Facultad de Ciencias Pol\u00edticas y Sociales, con el objetivo de promover h\u00e1bitos de vida saludable entre la comunidad universitaria de UT y fortalecer el cuidado f\u00edsico y mental.<\/p>\n\n\n\n<p>Adem\u00e1s, comentaron que tambi\u00e9n tienen como metas el fomentar el compa\u00f1erismo, e impulsar el trabajo en equipo, activaci\u00f3n f\u00edsica, y motivar a las y los estudiantes a llevar una vida saludable y mostrarles que pueden divertirse mientras practican alguna disciplina deportiva.<\/p>\n\n\n\n<p>Las actividades iniciar\u00e1n el mi\u00e9rcoles 13 de marzo con la Carrera 3K, que se realizar\u00e1 con estilo libre con la tem\u00e1tica de superh\u00e9roes, se premiar\u00e1 a los tres primeros lugares de las dos categor\u00edas; ese mismo d\u00eda se desarrollar\u00e1 la actividad denominada \u201c100 Locos Dijeron\u201d, en la que seis equipos de cuatro integrantes cada uno responder\u00e1n a preguntas relacionadas con la Facultad y la comunidad estudiantil, el primer lugar recibir\u00e1 un premio de mil pesos.<\/p>\n\n\n\n<p>Posteriormente, en la explanada de la FCPyS se llevar\u00e1 a cabo el \u201cBailat\u00f3n\u201d, que consiste en un marat\u00f3n de baile, se contar\u00e1 con un DJ que pondr\u00e1 a bailar a los participantes con diferentes g\u00e9neros musicales, la actividad ir\u00e1 subiendo en grado de dificultad hasta que solo quede un concursante.<\/p>\n\n\n\n<p>Para el jueves 14 de marzo, se realizar\u00e1 el torneo de f\u00fatbol \u201cRel\u00e1mpago\u201d, en el cual participar\u00e1n cuatro equipos conformados por seis jugadores y tres cambios, se premiar\u00e1 al primero, segundo y tercer lugar; ese mismo d\u00eda habr\u00e1 un rally, que tiene<\/p>\n\n\n\n<p>como finalidad la participaci\u00f3n e integraci\u00f3n de las y los alumnos de las tres carreras que ofrece la facultad.<\/p>\n\n\n\n<p>Para finalizar, el viernes 15 de marzo, se realizar\u00e1 el \u201cExatl\u00f3n Grillo\u201d, en el que las y los estudiantes podr\u00e1n participar en los juegos: gladiador, toro mec\u00e1nico y soccer pool, tambi\u00e9n habr\u00e1 un \u00e1rea asignada en el estacionamiento del plantel para quien guste vender comida durante el evento.<\/p>\n\n\n\n<p>Para m\u00e1s informaci\u00f3n e inscripciones a trav\u00e9s de las redes sociales Instragram @locos_fcpys y Facebook Facultad de Ciencias Pol\u00edticas y Sociales UAdeC.<\/p>\n","protected":false},"excerpt":{"rendered":"<p>TORRE\u00d3N, Coahuila. 11 de marzo de 2024. La Universidad Aut\u00f3noma de Coahuila a trav\u00e9s de la Facultad de Ciencias Pol\u00edticas y Sociales (FCPyS) Unidad Torre\u00f3n, invita a la comunidad universitaria a participar en la s\u00e9ptima edici\u00f3n del proyecto \u201cLocos por la vida sana\u201d, que se llevar\u00e1 a cabo los d\u00edas 13, 14 y 15 de [&hellip;]<\/p>\n","protected":false},"author":1,"featured_media":2756,"comment_status":"open","ping_status":"open","sticky":false,"template":"","format":"standard","meta":{"_monsterinsights_skip_tracking":false,"_monsterinsights_sitenote_active":false,"_monsterinsights_sitenote_note":"","_monsterinsights_sitenote_category":0,"footnotes":""},"categories":[1],"tags":[],"_links":{"self":[{"href":"https:\/\/zonalimitrofe-cbnr.com\/index.php\/wp-json\/wp\/v2\/posts\/2755"}],"collection":[{"href":"https:\/\/zonalimitrofe-cbnr.com\/index.php\/wp-json\/wp\/v2\/posts"}],"about":[{"href":"https:\/\/zonalimitrofe-cbnr.com\/index.php\/wp-json\/wp\/v2\/types\/post"}],"author":[{"embeddable":true,"href":"https:\/\/zonalimitrofe-cbnr.com\/index.php\/wp-json\/wp\/v2\/users\/1"}],"replies":[{"embeddable":true,"href":"https:\/\/zonalimitrofe-cbnr.com\/index.php\/wp-json\/wp\/v2\/comments?post=2755"}],"version-history":[{"count":1,"href":"https:\/\/zonalimitrofe-cbnr.com\/index.php\/wp-json\/wp\/v2\/posts\/2755\/revisions"}],"predecessor-version":[{"id":2757,"href":"https:\/\/zonalimitrofe-cbnr.com\/index.php\/wp-json\/wp\/v2\/posts\/2755\/revisions\/2757"}],"wp:featuredmedia":[{"embeddable":true,"href":"https:\/\/zonalimitrofe-cbnr.com\/index.php\/wp-json\/wp\/v2\/media\/2756"}],"wp:attachment":[{"href":"https:\/\/zonalimitrofe-cbnr.com\/index.php\/wp-json\/wp\/v2\/media?parent=2755"}],"wp:term":[{"taxonomy":"category","embeddable":true,"href":"https:\/\/zonalimitrofe-cbnr.com\/index.php\/wp-json\/wp\/v2\/categories?post=2755"},{"taxonomy":"post_tag","embeddable":true,"href":"https:\/\/zonalimitrofe-cbnr.com\/index.php\/wp-json\/wp\/v2\/tags?post=2755"}],"curies":[{"name":"wp","href":"https:\/\/api.w.org\/{rel}","templated":true}]}}