{"id":27548,"date":"2025-11-26T12:29:29","date_gmt":"2025-11-26T18:29:29","guid":{"rendered":"https:\/\/zonalimitrofe-cbnr.com\/?p=27548"},"modified":"2025-11-26T12:29:29","modified_gmt":"2025-11-26T18:29:29","slug":"torreon-entregan-alcalde-aparatos-funcionales-becas-y-protesis-de-mama","status":"publish","type":"post","link":"https:\/\/zonalimitrofe-cbnr.com\/index.php\/2025\/11\/26\/torreon-entregan-alcalde-aparatos-funcionales-becas-y-protesis-de-mama\/","title":{"rendered":"#Torre\u00f3n. Entregan alcalde aparatos funcionales, becas y pr\u00f3tesis de mama"},"content":{"rendered":"\n<p>Torre\u00f3n, Coahuila. A 26 de noviembre de 2025<\/p>\n\n\n\n<p>La ma\u00f1ana de este mi\u00e9rcoles, el alcalde Rom\u00e1n Alberto Cepeda Gonz\u00e1lez acompa\u00f1\u00f3 a la se\u00f1ora Liliana Salinas Vald\u00e9s, presidenta honoraria del DIF Coahuila, a la entrega de apoyos de aparatos funcionales, becas ADETI y pr\u00f3tesis de mama, en la Unidad Deportiva de Torre\u00f3n, en beneficio de personas en situaci\u00f3n vulnerable de toda la Comarca Lagunera.<\/p>\n\n\n\n<p>En su mensaje de bienvenida, el Presidente Municipal de Torre\u00f3n, destac\u00f3 la voluntad, el trabajo y la coordinaci\u00f3n entre Gobierno y sociedad, para que se lleven a cabo este tipo de eventos.<\/p>\n\n\n\n<p>\u201cEstos programas son gracias a un gran trabajo coordinado que encabeza el gobernador Manolo Jim\u00e9nez, la se\u00f1ora Liliana, y desde Torre\u00f3n ponemos el grano de arena que nos corresponde para atender a lo m\u00e1s importante: la gente\u201d.<\/p>\n\n\n\n<p>En ese sentido, Cepeda Gonz\u00e1lez se\u00f1al\u00f3 que otro ejemplo de unidad, coordinaci\u00f3n y trabajo conjunto es el tema de seguridad y orden, el cual es prioridad para el gobernador Manolo Jim\u00e9nez y para su Administraci\u00f3n Municipal.<\/p>\n\n\n\n<p>El Alcalde destac\u00f3 que en Coahuila y en Torre\u00f3n se puede vivir en paz, hacer comunidad, crear una familia y realizar cualquier actividad del orden econ\u00f3mico, acad\u00e9mico, de salud o de esparcimiento, a diferencia de otras entidades federativas.<\/p>\n\n\n\n<p>Cepeda Gonz\u00e1lez tambi\u00e9n resalt\u00f3 que Coahuila y Torre\u00f3n tienen grandes virtudes relacionadas con la naturaleza, el desarrollo, el arte, la cultura, y el deporte, pero sobre todo su gente: \u201csomos un gran equipo, no nos vamos a detener, y de parte del Municipio, cuente con todo mi apoyo y respaldo\u201d.<\/p>\n\n\n\n<p>La se\u00f1ora Liliana Salinas Vald\u00e9s, presidenta honoraria del DIF Coahuila, dijo que la entrega de aparatos funcionales, becas y pr\u00f3tesis de mama, es una muestra de lo que se puede hacer cuando se trabaja de la mano, en unidad y sin distinci\u00f3n, con el objetivo de ver y atender las necesidades de la gente.<\/p>\n\n\n\n<p>\u201cSon 164 apoyos en sillas de rueda, bastones y otro tipo de aparatos funcionales; adem\u00e1s de pr\u00f3tesis de mama, y 114 apoyos de becas ADETI para que nuestros ni\u00f1os y ni\u00f1as de Coahuila sigan estudiando, no queremos que ninguno se quede sin estudiar por falta de recursos, en Coahuila eso no es posible, y para eso estamos todos, alcaldes, alcaldesas y el Gobernador\u201d, mencion\u00f3.<\/p>\n\n\n\n<p>La presidenta honoraria de DIF Coahuila reafirm\u00f3 que en el Estado se busca que los ni\u00f1os sue\u00f1en en grande y que esos sue\u00f1os se conviertan en realidad.<\/p>\n\n\n\n<p>\u201cEso implica que tengan el apoyo que ya se les est\u00e1 dando, y que le echen muchas ganas, que sean muy responsables y muy estudiosos y as\u00ed van a lograr lo que se propongan. En DIF Coahuila y los organismos municipales estamos para atender todas sus necesidades. Nos vamos con el coraz\u00f3n lleno de saber que podemos brindar estos apoyos, que podemos mejorar la calidad de vida y mejorar su movilidad\u201d.<\/p>\n\n\n\n<p>A nombre de los beneficiarios, Manuel de Jes\u00fas P\u00e9rez Hern\u00e1ndez, agradeci\u00f3 por los apoyos y becas que les permitir\u00e1 tener una mejor calidad de vida.<\/p>\n\n\n\n<p>Estuvieron tambi\u00e9n presentes: la se\u00f1ora Selina Bremer de Cepeda, presidenta honoraria de DIF Torre\u00f3n; Latiffe Burciaga Neme, directora del Patrimonio de la Beneficencia P\u00fablica de Coahuila; Ivonne Espinosa Torres, directora de Programas sociales del DIF Coahuila; Irma Cristal Estrella Fuentes Gonz\u00e1lez, beneficiaria de becas ADETI; Socorro Favila Fuentes, beneficiaria de pr\u00f3tesis de mama; Lorena Safa Serrato, coordinadora de DIF Coahuila regi\u00f3n Laguna, adem\u00e1s de las presidentas honorarias de los DIF municipales de la Regi\u00f3n Laguna.<\/p>\n","protected":false},"excerpt":{"rendered":"<p>Torre\u00f3n, Coahuila. A 26 de noviembre de 2025 La ma\u00f1ana de este mi\u00e9rcoles, el alcalde Rom\u00e1n Alberto Cepeda Gonz\u00e1lez acompa\u00f1\u00f3 a la se\u00f1ora Liliana Salinas Vald\u00e9s, presidenta honoraria del DIF Coahuila, a la entrega de apoyos de aparatos funcionales, becas ADETI y pr\u00f3tesis de mama, en la Unidad Deportiva de Torre\u00f3n, en beneficio de personas [&hellip;]<\/p>\n","protected":false},"author":1,"featured_media":27549,"comment_status":"open","ping_status":"open","sticky":false,"template":"","format":"standard","meta":{"_monsterinsights_skip_tracking":false,"_monsterinsights_sitenote_active":false,"_monsterinsights_sitenote_note":"","_monsterinsights_sitenote_category":0,"footnotes":""},"categories":[1],"tags":[],"_links":{"self":[{"href":"https:\/\/zonalimitrofe-cbnr.com\/index.php\/wp-json\/wp\/v2\/posts\/27548"}],"collection":[{"href":"https:\/\/zonalimitrofe-cbnr.com\/index.php\/wp-json\/wp\/v2\/posts"}],"about":[{"href":"https:\/\/zonalimitrofe-cbnr.com\/index.php\/wp-json\/wp\/v2\/types\/post"}],"author":[{"embeddable":true,"href":"https:\/\/zonalimitrofe-cbnr.com\/index.php\/wp-json\/wp\/v2\/users\/1"}],"replies":[{"embeddable":true,"href":"https:\/\/zonalimitrofe-cbnr.com\/index.php\/wp-json\/wp\/v2\/comments?post=27548"}],"version-history":[{"count":1,"href":"https:\/\/zonalimitrofe-cbnr.com\/index.php\/wp-json\/wp\/v2\/posts\/27548\/revisions"}],"predecessor-version":[{"id":27550,"href":"https:\/\/zonalimitrofe-cbnr.com\/index.php\/wp-json\/wp\/v2\/posts\/27548\/revisions\/27550"}],"wp:featuredmedia":[{"embeddable":true,"href":"https:\/\/zonalimitrofe-cbnr.com\/index.php\/wp-json\/wp\/v2\/media\/27549"}],"wp:attachment":[{"href":"https:\/\/zonalimitrofe-cbnr.com\/index.php\/wp-json\/wp\/v2\/media?parent=27548"}],"wp:term":[{"taxonomy":"category","embeddable":true,"href":"https:\/\/zonalimitrofe-cbnr.com\/index.php\/wp-json\/wp\/v2\/categories?post=27548"},{"taxonomy":"post_tag","embeddable":true,"href":"https:\/\/zonalimitrofe-cbnr.com\/index.php\/wp-json\/wp\/v2\/tags?post=27548"}],"curies":[{"name":"wp","href":"https:\/\/api.w.org\/{rel}","templated":true}]}}