{"id":27530,"date":"2025-11-25T19:59:45","date_gmt":"2025-11-26T01:59:45","guid":{"rendered":"https:\/\/zonalimitrofe-cbnr.com\/?p=27530"},"modified":"2025-11-25T19:59:45","modified_gmt":"2025-11-26T01:59:45","slug":"durango-cecan-celebra-25-aniversario-y-reafirma-su-compromiso-con-la-atencion-oncologica-en-durango","status":"publish","type":"post","link":"https:\/\/zonalimitrofe-cbnr.com\/index.php\/2025\/11\/25\/durango-cecan-celebra-25-aniversario-y-reafirma-su-compromiso-con-la-atencion-oncologica-en-durango\/","title":{"rendered":"#Durango. CECAN celebra 25 aniversario y reafirma su compromiso con la atenci\u00f3n oncol\u00f3gica en Durango*"},"content":{"rendered":"\n<p>\u2022 _Se atienden cada a\u00f1o a m\u00e1s de 800 pacientes con servicios oncol\u00f3gicos especializados._<\/p>\n\n\n\n<p>\u2022 _Reconocen a 13 colaboradores por su trayectoria y vocaci\u00f3n de servicio._<\/p>\n\n\n\n<p>El Centro Estatal de Cancerolog\u00eda (CECAN) celebr\u00f3 su 25 aniversario de fundaci\u00f3n, consolid\u00e1ndose como un pilar m\u00e9dico que atiende a m\u00e1s de 800 pacientes adultos y pedi\u00e1tricos anualmente. Este esfuerzo es respaldado por un equipo multidisciplinario de m\u00e9dicos, enfermeras, radi\u00f3logos, trabajadoras sociales y personal administrativo que atienden con humanismo y dedicaci\u00f3n los retos que implica el tratamiento del c\u00e1ncer en la entidad y la regi\u00f3n norte del pa\u00eds.<\/p>\n\n\n\n<p>La directora del CECAN, Mar\u00eda Jos\u00e9 M\u00e9ndez Salazar, afirm\u00f3 que esta instituci\u00f3n se ha convertido en un referente en atenci\u00f3n oncol\u00f3gica en Durango y reconoci\u00f3 el apoyo del gobernador Esteban Villegas Villarreal, de su esposa Marisol Rosso, presidenta del DIF Estatal, as\u00ed como del Secretario de Salud, Mois\u00e9s N\u00e1jera Torres, para fortalecer la capacidad de respuesta del centro y acompa\u00f1ar a los pacientes y sus familias durante sus procesos de atenci\u00f3n.<\/p>\n\n\n\n<p>En un acto de reconocimiento institucional, M\u00e9ndez Salazar, acompa\u00f1ada del subsecretario de Atenci\u00f3n M\u00e9dica, Jes\u00fas Armando Flores \u00c1lvarez, entreg\u00f3 reconocimientos a 13 colaboradores que han dejado una huella profesional y humana en la historia del CECAN, contribuyendo con a\u00f1os de experiencia y entrega al cuidado de los pacientes.<\/p>\n\n\n\n<p>Los galardones fueron otorgados a: Francisco Antol\u00edn Carrete Ram\u00edrez; Mar\u00eda Graciela Castro P\u00e9rez; Jos\u00e9 Luis Mart\u00ednez Rend\u00f3n; Julia L\u00f3pez Lavi\u00edn; Patricia Plantillas Huitr\u00f3n; Mar\u00eda Luisa Stopani L\u00f3pez; Norma Margarita Estala Mercado; Mar\u00eda Esther Anaya P\u00e9rez; Mar\u00eda Alfonso Lugo Nev\u00e1rez; Gabriela Segovia Gonz\u00e1lez; Andrea Rodr\u00edguez N\u00fa\u00f1ez; J. David Correa Guerra; y Mar\u00eda del Socorro Luj\u00e1n Ramos.<\/p>\n\n\n\n<p>En su mensaje, la directora destac\u00f3 que estos colaboradores representan la esencia del CECAN: profesionales con vocaci\u00f3n, sensibilidad y compromiso hacia quienes enfrentan un diagn\u00f3stico oncol\u00f3gico, ofreciendo no solo tratamiento m\u00e9dico, sino acompa\u00f1amiento humano y apoyo integral.<\/p>\n\n\n\n<p>En este 25 aniversario, el CECAN reafirma su compromiso con la salud, la esperanza y el servicio a la poblaci\u00f3n, renovando su misi\u00f3n de ofrecer atenci\u00f3n especializada a los pacientes con enfermedades oncol\u00f3gicas y continuar siendo un refugio m\u00e9dico y emocional para miles de familias duranguenses.<\/p>\n","protected":false},"excerpt":{"rendered":"<p>\u2022 _Se atienden cada a\u00f1o a m\u00e1s de 800 pacientes con servicios oncol\u00f3gicos especializados._ \u2022 _Reconocen a 13 colaboradores por su trayectoria y vocaci\u00f3n de servicio._ El Centro Estatal de Cancerolog\u00eda (CECAN) celebr\u00f3 su 25 aniversario de fundaci\u00f3n, consolid\u00e1ndose como un pilar m\u00e9dico que atiende a m\u00e1s de 800 pacientes adultos y pedi\u00e1tricos anualmente. Este [&hellip;]<\/p>\n","protected":false},"author":1,"featured_media":27531,"comment_status":"open","ping_status":"open","sticky":false,"template":"","format":"standard","meta":{"_monsterinsights_skip_tracking":false,"_monsterinsights_sitenote_active":false,"_monsterinsights_sitenote_note":"","_monsterinsights_sitenote_category":0,"footnotes":""},"categories":[1],"tags":[],"_links":{"self":[{"href":"https:\/\/zonalimitrofe-cbnr.com\/index.php\/wp-json\/wp\/v2\/posts\/27530"}],"collection":[{"href":"https:\/\/zonalimitrofe-cbnr.com\/index.php\/wp-json\/wp\/v2\/posts"}],"about":[{"href":"https:\/\/zonalimitrofe-cbnr.com\/index.php\/wp-json\/wp\/v2\/types\/post"}],"author":[{"embeddable":true,"href":"https:\/\/zonalimitrofe-cbnr.com\/index.php\/wp-json\/wp\/v2\/users\/1"}],"replies":[{"embeddable":true,"href":"https:\/\/zonalimitrofe-cbnr.com\/index.php\/wp-json\/wp\/v2\/comments?post=27530"}],"version-history":[{"count":1,"href":"https:\/\/zonalimitrofe-cbnr.com\/index.php\/wp-json\/wp\/v2\/posts\/27530\/revisions"}],"predecessor-version":[{"id":27532,"href":"https:\/\/zonalimitrofe-cbnr.com\/index.php\/wp-json\/wp\/v2\/posts\/27530\/revisions\/27532"}],"wp:featuredmedia":[{"embeddable":true,"href":"https:\/\/zonalimitrofe-cbnr.com\/index.php\/wp-json\/wp\/v2\/media\/27531"}],"wp:attachment":[{"href":"https:\/\/zonalimitrofe-cbnr.com\/index.php\/wp-json\/wp\/v2\/media?parent=27530"}],"wp:term":[{"taxonomy":"category","embeddable":true,"href":"https:\/\/zonalimitrofe-cbnr.com\/index.php\/wp-json\/wp\/v2\/categories?post=27530"},{"taxonomy":"post_tag","embeddable":true,"href":"https:\/\/zonalimitrofe-cbnr.com\/index.php\/wp-json\/wp\/v2\/tags?post=27530"}],"curies":[{"name":"wp","href":"https:\/\/api.w.org\/{rel}","templated":true}]}}