{"id":27509,"date":"2025-11-25T19:27:07","date_gmt":"2025-11-26T01:27:07","guid":{"rendered":"https:\/\/zonalimitrofe-cbnr.com\/?p=27509"},"modified":"2025-11-25T19:27:07","modified_gmt":"2025-11-26T01:27:07","slug":"durango-si-la-mujer-esta-bien-mexico-esta-bien-esteban-villegas-se-suma-a-la-estrategia-nacional-de-proteccion-a-mujeres-de-la-presidenta-claudia-sheinbaum","status":"publish","type":"post","link":"https:\/\/zonalimitrofe-cbnr.com\/index.php\/2025\/11\/25\/durango-si-la-mujer-esta-bien-mexico-esta-bien-esteban-villegas-se-suma-a-la-estrategia-nacional-de-proteccion-a-mujeres-de-la-presidenta-claudia-sheinbaum\/","title":{"rendered":"#Durango. \u201cSi la mujer est\u00e1 bien, M\u00e9xico est\u00e1 bien\u201d: Esteban Villegas se suma a la estrategia nacional de protecci\u00f3n a mujeres de la Presidenta Claudia Sheinbaum*"},"content":{"rendered":"\n<p>\u2022 _En el marco del D\u00eda Internacional contra la Violencia hacia las Mujeres, Durango refuerza sus compromisos y acciones para protegerlas._<\/p>\n\n\n\n<p>\u2022 _Se impulsa una atenci\u00f3n cercana, prevenci\u00f3n en territorio y coordinaci\u00f3n con instancias nacionales y locales._<\/p>\n\n\n\n<p>Durante la conferencia de prensa de la Presidenta Claudia Sheinbaum y en el marco del 25 de noviembre, D\u00eda Internacional de la Eliminaci\u00f3n de la Violencia contra la Mujer, se realiz\u00f3 un enlace nacional con gobernadoras y gobernadores para coordinar acciones que fortalezcan la protecci\u00f3n de las mujeres en M\u00e9xico, ah\u00ed, Esteban Villegas Villarreal expres\u00f3 el compromiso de Durango para prevenir la violencia y asegurar que toda mujer tenga instituciones que la respalden y la atiendan.<\/p>\n\n\n\n<p>En su intervenci\u00f3n, Villegas Villarreal afirm\u00f3 que Durango se suma con firmeza a este esfuerzo y subray\u00f3 que en el estado se impulsa una visi\u00f3n familiar y de respeto a las mujeres: \u201cEn Durango estamos en contra de la violencia contra las mujeres. Estamos a favor de su felicidad, de su tranquilidad y de su dignidad\u2026 si la mujer est\u00e1 bien, la familia est\u00e1 bien, y si la familia est\u00e1 bien, M\u00e9xico est\u00e1 bien\u201d.<\/p>\n\n\n\n<p>El Gobernador, junto con la directora del Instituto Estatal de la Mujer, Grecia Hern\u00e1ndez, ratific\u00f3 que en Durango ya se aplican acciones locales para prevenir la violencia y brindar acompa\u00f1amiento y atenci\u00f3n directa a mujeres en situaci\u00f3n de riesgo, tanto en colonias urbanas como en comunidades, fortaleciendo el trabajo territorial del estado y aline\u00e1ndolo con la estrategia nacional.<\/p>\n\n\n\n<p>Posteriormente, Citlalli Hern\u00e1ndez, secretaria de las Mujeres, detall\u00f3 las acciones operativas que se desplegar\u00e1n durante los 16 d\u00edas de activismo, incluyendo actividades comunitarias, capacitaciones a personal p\u00fablico, jornadas de informaci\u00f3n, trabajo en escuelas y acciones de prevenci\u00f3n en espacios p\u00fablicos. Destac\u00f3 especialmente la importancia de la homologaci\u00f3n del tipo penal de abuso sexual, que garantizar\u00e1 justicia consistente en todos los estados del pa\u00eds.<\/p>\n\n\n\n<p>En su mensaje final, la Presidenta Sheinbaum present\u00f3 los compromisos acordados por todas las entidades, entre ellos: campa\u00f1as de sensibilizaci\u00f3n, coordinaci\u00f3n con fiscal\u00edas para que ninguna denuncia sea desechada, creaci\u00f3n de senderos seguros, jornadas escolares mensuales para promover el respeto desde la infancia y acompa\u00f1amiento espec\u00edfico para familias de v\u00edctimas indirectas de feminicidio.<\/p>\n\n\n\n<p>Con esta participaci\u00f3n, Durango reafirma que las mujeres cuentan con un gobierno estatal cercano, comprometido y activo, que trabaja todos los d\u00edas para garantizar entornos seguros, atenci\u00f3n digna y justicia efectiva.<\/p>\n","protected":false},"excerpt":{"rendered":"<p>\u2022 _En el marco del D\u00eda Internacional contra la Violencia hacia las Mujeres, Durango refuerza sus compromisos y acciones para protegerlas._ \u2022 _Se impulsa una atenci\u00f3n cercana, prevenci\u00f3n en territorio y coordinaci\u00f3n con instancias nacionales y locales._ Durante la conferencia de prensa de la Presidenta Claudia Sheinbaum y en el marco del 25 de noviembre, [&hellip;]<\/p>\n","protected":false},"author":1,"featured_media":27510,"comment_status":"open","ping_status":"open","sticky":false,"template":"","format":"standard","meta":{"_monsterinsights_skip_tracking":false,"_monsterinsights_sitenote_active":false,"_monsterinsights_sitenote_note":"","_monsterinsights_sitenote_category":0,"footnotes":""},"categories":[1],"tags":[],"_links":{"self":[{"href":"https:\/\/zonalimitrofe-cbnr.com\/index.php\/wp-json\/wp\/v2\/posts\/27509"}],"collection":[{"href":"https:\/\/zonalimitrofe-cbnr.com\/index.php\/wp-json\/wp\/v2\/posts"}],"about":[{"href":"https:\/\/zonalimitrofe-cbnr.com\/index.php\/wp-json\/wp\/v2\/types\/post"}],"author":[{"embeddable":true,"href":"https:\/\/zonalimitrofe-cbnr.com\/index.php\/wp-json\/wp\/v2\/users\/1"}],"replies":[{"embeddable":true,"href":"https:\/\/zonalimitrofe-cbnr.com\/index.php\/wp-json\/wp\/v2\/comments?post=27509"}],"version-history":[{"count":1,"href":"https:\/\/zonalimitrofe-cbnr.com\/index.php\/wp-json\/wp\/v2\/posts\/27509\/revisions"}],"predecessor-version":[{"id":27511,"href":"https:\/\/zonalimitrofe-cbnr.com\/index.php\/wp-json\/wp\/v2\/posts\/27509\/revisions\/27511"}],"wp:featuredmedia":[{"embeddable":true,"href":"https:\/\/zonalimitrofe-cbnr.com\/index.php\/wp-json\/wp\/v2\/media\/27510"}],"wp:attachment":[{"href":"https:\/\/zonalimitrofe-cbnr.com\/index.php\/wp-json\/wp\/v2\/media?parent=27509"}],"wp:term":[{"taxonomy":"category","embeddable":true,"href":"https:\/\/zonalimitrofe-cbnr.com\/index.php\/wp-json\/wp\/v2\/categories?post=27509"},{"taxonomy":"post_tag","embeddable":true,"href":"https:\/\/zonalimitrofe-cbnr.com\/index.php\/wp-json\/wp\/v2\/tags?post=27509"}],"curies":[{"name":"wp","href":"https:\/\/api.w.org\/{rel}","templated":true}]}}