{"id":27506,"date":"2025-11-25T19:24:58","date_gmt":"2025-11-26T01:24:58","guid":{"rendered":"https:\/\/zonalimitrofe-cbnr.com\/?p=27506"},"modified":"2025-11-25T19:24:58","modified_gmt":"2025-11-26T01:24:58","slug":"uadec-toma-rector-de-la-uadec-protesta-a-la-nueva-mesa-directiva-de-la-academia-de-directoras-y-directores-de-la-unidad-sureste","status":"publish","type":"post","link":"https:\/\/zonalimitrofe-cbnr.com\/index.php\/2025\/11\/25\/uadec-toma-rector-de-la-uadec-protesta-a-la-nueva-mesa-directiva-de-la-academia-de-directoras-y-directores-de-la-unidad-sureste\/","title":{"rendered":"#UAdeC. Toma Rector de la UAdeC Protesta a la Nueva Mesa Directiva de la Academia de Directoras y Directores de la Unidad Sureste"},"content":{"rendered":"\n<p>SALTILLO, Coahuila. 25 de noviembre de 2025. Ante directivos que encabezan las Escuelas y Facultades de la Unidad Sureste, el rector de la Universidad Aut\u00f3noma de Coahuila, Octavio Pimentel Mart\u00ednez, tom\u00f3 protesta a la nueva mesa directiva de la Academia de Directoras y Directores Unidad Sureste (ADDUS) para el periodo 2025-2026.<\/p>\n\n\n\n<p>En instalaciones del Posgrado de la Facultad de Ciencias Qu\u00edmicas, el acto cont\u00f3 con la presencia de la coordinadora de la Unidad Sureste, Eva Kerena Hern\u00e1ndez Mart\u00ednez, as\u00ed como de las y los titulares de las diversas unidades acad\u00e9micas que integran esta la US.<\/p>\n\n\n\n<p>En su mensaje de bienvenida, el presidente de la Academia, C\u00e9sar Arnulfo de Le\u00f3n Alvarado, reconoci\u00f3 a las directoras y directores que se integran por primera vez, as\u00ed como a quienes inician un segundo periodo en sus planteles, al tiempo que destac\u00f3 la importancia de estos actos que fortalecen la identidad y el trabajo colaborativo dentro de la UAdeC.<\/p>\n\n\n\n<p>En su mensaje, el rector Octavio Pimentel Mart\u00ednez, celebr\u00f3 el trabajo en conjunto que han desarrollado en los \u00faltimos a\u00f1os con la Unidad Sureste, una regi\u00f3n que dijo, hist\u00f3ricamente hab\u00eda enfrentado desaf\u00edos para articular esfuerzos en conjunto, ya que hoy existe una mayor cohesi\u00f3n, reconocida incluso por las otras unidades universitarias, lo que ha permitido impulsar actividades acad\u00e9micas, de investigaci\u00f3n, deportivas y culturales con impacto m\u00e1s amplio entre la comunidad.<\/p>\n\n\n\n<p>Pimentel Mart\u00ednez, record\u00f3 que cada Unidad posee din\u00e1micas y necesidades particulares, lo que exige escuchar y atender de manera cercana a sus directoras y directores, a quienes reiter\u00f3 su compromiso, de seguir\u00e1 trabajando directamente con ellos para dar continuidad a los proyectos para fortalecer la identidad universitaria.<\/p>\n\n\n\n<p>La nueva Mesa directiva de la ADDUS ser\u00e1 encabezada como presidente por el Dr. C\u00e9sar Arnulfo de Le\u00f3n Alvarado, director de la Facultad de Trabajo Social; la directora de la Facultad de Sistemas, Mar\u00eda del Carmen Coronado Rivera, como vicepresidenta; como secretario el director de la Facultad de Contadur\u00eda y Administraci\u00f3n, Francisco Javier Garc\u00eda Rinc\u00f3n.<\/p>\n\n\n\n<p>Como tesorera, la directora de la Escuela Preparatoria N\u00famero Uno, Nancy Noem\u00ed Torres R\u00edos; como vocal de Licenciatura, el director de la Facultad de Ciencias Qu\u00edmicas, Leopoldo R\u00edos Gonz\u00e1lez y como vocal de Bachilleratos, la directora del IDEA Saltillo, Violeta Cedillo Rodr\u00edguez.<\/p>\n","protected":false},"excerpt":{"rendered":"<p>SALTILLO, Coahuila. 25 de noviembre de 2025. Ante directivos que encabezan las Escuelas y Facultades de la Unidad Sureste, el rector de la Universidad Aut\u00f3noma de Coahuila, Octavio Pimentel Mart\u00ednez, tom\u00f3 protesta a la nueva mesa directiva de la Academia de Directoras y Directores Unidad Sureste (ADDUS) para el periodo 2025-2026. En instalaciones del Posgrado [&hellip;]<\/p>\n","protected":false},"author":1,"featured_media":27507,"comment_status":"open","ping_status":"open","sticky":false,"template":"","format":"standard","meta":{"_monsterinsights_skip_tracking":false,"_monsterinsights_sitenote_active":false,"_monsterinsights_sitenote_note":"","_monsterinsights_sitenote_category":0,"footnotes":""},"categories":[1],"tags":[],"_links":{"self":[{"href":"https:\/\/zonalimitrofe-cbnr.com\/index.php\/wp-json\/wp\/v2\/posts\/27506"}],"collection":[{"href":"https:\/\/zonalimitrofe-cbnr.com\/index.php\/wp-json\/wp\/v2\/posts"}],"about":[{"href":"https:\/\/zonalimitrofe-cbnr.com\/index.php\/wp-json\/wp\/v2\/types\/post"}],"author":[{"embeddable":true,"href":"https:\/\/zonalimitrofe-cbnr.com\/index.php\/wp-json\/wp\/v2\/users\/1"}],"replies":[{"embeddable":true,"href":"https:\/\/zonalimitrofe-cbnr.com\/index.php\/wp-json\/wp\/v2\/comments?post=27506"}],"version-history":[{"count":1,"href":"https:\/\/zonalimitrofe-cbnr.com\/index.php\/wp-json\/wp\/v2\/posts\/27506\/revisions"}],"predecessor-version":[{"id":27508,"href":"https:\/\/zonalimitrofe-cbnr.com\/index.php\/wp-json\/wp\/v2\/posts\/27506\/revisions\/27508"}],"wp:featuredmedia":[{"embeddable":true,"href":"https:\/\/zonalimitrofe-cbnr.com\/index.php\/wp-json\/wp\/v2\/media\/27507"}],"wp:attachment":[{"href":"https:\/\/zonalimitrofe-cbnr.com\/index.php\/wp-json\/wp\/v2\/media?parent=27506"}],"wp:term":[{"taxonomy":"category","embeddable":true,"href":"https:\/\/zonalimitrofe-cbnr.com\/index.php\/wp-json\/wp\/v2\/categories?post=27506"},{"taxonomy":"post_tag","embeddable":true,"href":"https:\/\/zonalimitrofe-cbnr.com\/index.php\/wp-json\/wp\/v2\/tags?post=27506"}],"curies":[{"name":"wp","href":"https:\/\/api.w.org\/{rel}","templated":true}]}}