{"id":27482,"date":"2025-11-24T18:04:50","date_gmt":"2025-11-25T00:04:50","guid":{"rendered":"https:\/\/zonalimitrofe-cbnr.com\/?p=27482"},"modified":"2025-11-24T18:04:50","modified_gmt":"2025-11-25T00:04:50","slug":"lerdo-anuncia-susy-torrecillas-implementacion-de-nueva-estrategia-por-apertura-de-plaza-comercial","status":"publish","type":"post","link":"https:\/\/zonalimitrofe-cbnr.com\/index.php\/2025\/11\/24\/lerdo-anuncia-susy-torrecillas-implementacion-de-nueva-estrategia-por-apertura-de-plaza-comercial\/","title":{"rendered":"#Lerdo. ANUNCIA SUSY TORRECILLAS IMPLEMENTACI\u00d3N DE NUEVA ESTRATEGIA POR APERTURA DE PLAZA COMERCIAL*"},"content":{"rendered":"\n<p>Lerdo, 24 de noviembre 2025.- Este lunes, la Presidenta Municipal Susy Carolina Torrecillas Salazar, anunci\u00f3 que, como parte de la pr\u00f3xima apertura de una plaza comercial en la zona centro, se llevar\u00e1n a cabo adecuaciones viales para evitar el tr\u00e1fico en la interconexi\u00f3n de las calles Hidalgo y Madero.<\/p>\n\n\n\n<p>La edil realiz\u00f3 su tradicional rueda de prensa semanal ante diversos medios de comunicaci\u00f3n, donde destac\u00f3 la importancia de implementar una nueva estrategia vial en el primer cuadro de la ciudad. Adelant\u00f3 que, para atender el flujo vehicular que pudiera generarse, ser\u00e1 fundamental promover la conciencia sobre el uso del programa 1&#215;1.<\/p>\n\n\n\n<p>Aunado a lo anterior, se\u00f1al\u00f3 que actualmente se desarrollan mesas de an\u00e1lisis para revisar el tema de los parqu\u00edmetros, pues ser\u00e1 necesario establecer una nueva estrategia que permita brindar un mejor servicio a la poblaci\u00f3n. No descart\u00f3 la posibilidad de lanzar una nueva licitaci\u00f3n con otra empresa.<\/p>\n\n\n\n<p>A\u00f1adi\u00f3 que estas acciones tienen como objetivo mejorar la atenci\u00f3n a la ciudadan\u00eda que acude al centro de la ciudad para realizar compras o tr\u00e1mites gubernamentales.<\/p>\n","protected":false},"excerpt":{"rendered":"<p>Lerdo, 24 de noviembre 2025.- Este lunes, la Presidenta Municipal Susy Carolina Torrecillas Salazar, anunci\u00f3 que, como parte de la pr\u00f3xima apertura de una plaza comercial en la zona centro, se llevar\u00e1n a cabo adecuaciones viales para evitar el tr\u00e1fico en la interconexi\u00f3n de las calles Hidalgo y Madero. La edil realiz\u00f3 su tradicional rueda [&hellip;]<\/p>\n","protected":false},"author":1,"featured_media":27483,"comment_status":"open","ping_status":"open","sticky":false,"template":"","format":"standard","meta":{"_monsterinsights_skip_tracking":false,"_monsterinsights_sitenote_active":false,"_monsterinsights_sitenote_note":"","_monsterinsights_sitenote_category":0,"footnotes":""},"categories":[1],"tags":[],"_links":{"self":[{"href":"https:\/\/zonalimitrofe-cbnr.com\/index.php\/wp-json\/wp\/v2\/posts\/27482"}],"collection":[{"href":"https:\/\/zonalimitrofe-cbnr.com\/index.php\/wp-json\/wp\/v2\/posts"}],"about":[{"href":"https:\/\/zonalimitrofe-cbnr.com\/index.php\/wp-json\/wp\/v2\/types\/post"}],"author":[{"embeddable":true,"href":"https:\/\/zonalimitrofe-cbnr.com\/index.php\/wp-json\/wp\/v2\/users\/1"}],"replies":[{"embeddable":true,"href":"https:\/\/zonalimitrofe-cbnr.com\/index.php\/wp-json\/wp\/v2\/comments?post=27482"}],"version-history":[{"count":1,"href":"https:\/\/zonalimitrofe-cbnr.com\/index.php\/wp-json\/wp\/v2\/posts\/27482\/revisions"}],"predecessor-version":[{"id":27484,"href":"https:\/\/zonalimitrofe-cbnr.com\/index.php\/wp-json\/wp\/v2\/posts\/27482\/revisions\/27484"}],"wp:featuredmedia":[{"embeddable":true,"href":"https:\/\/zonalimitrofe-cbnr.com\/index.php\/wp-json\/wp\/v2\/media\/27483"}],"wp:attachment":[{"href":"https:\/\/zonalimitrofe-cbnr.com\/index.php\/wp-json\/wp\/v2\/media?parent=27482"}],"wp:term":[{"taxonomy":"category","embeddable":true,"href":"https:\/\/zonalimitrofe-cbnr.com\/index.php\/wp-json\/wp\/v2\/categories?post=27482"},{"taxonomy":"post_tag","embeddable":true,"href":"https:\/\/zonalimitrofe-cbnr.com\/index.php\/wp-json\/wp\/v2\/tags?post=27482"}],"curies":[{"name":"wp","href":"https:\/\/api.w.org\/{rel}","templated":true}]}}