{"id":27476,"date":"2025-11-24T13:07:46","date_gmt":"2025-11-24T19:07:46","guid":{"rendered":"https:\/\/zonalimitrofe-cbnr.com\/?p=27476"},"modified":"2025-11-24T13:07:46","modified_gmt":"2025-11-24T19:07:46","slug":"torreon-inician-audiencias-informativas-del-proyecto-de-regeneracion-paseo-morelos","status":"publish","type":"post","link":"https:\/\/zonalimitrofe-cbnr.com\/index.php\/2025\/11\/24\/torreon-inician-audiencias-informativas-del-proyecto-de-regeneracion-paseo-morelos\/","title":{"rendered":"#Torre\u00f3n. Inician audiencias informativas del proyecto de Regeneraci\u00f3n Paseo Morelos"},"content":{"rendered":"\n<p>Torre\u00f3n, Coahuila. A 24 de noviembre de 2025<\/p>\n\n\n\n<p>Como parte de los trabajos para fortalecer el proyecto Regeneraci\u00f3n Paseo Morelos, este lunes inici\u00f3 la primera audiencia informativa para presentar el diagn\u00f3stico y las acciones generales a representantes de diversas dependencias municipales.<\/p>\n\n\n\n<p>La exposici\u00f3n estuvo a cargo del personal del Instituto Municipal de Planeaci\u00f3n y Competitividad (IMPLAN) de Torre\u00f3n, la Direcci\u00f3n General de Obras P\u00fablicas y el Colegio de Arquitectos de la Comarca Lagunera (CACLAC).<\/p>\n\n\n\n<p>Eduardo Terrazas Ramos, director general del IMPLAN Torre\u00f3n, se\u00f1al\u00f3 que el objetivo central es sumar esfuerzos mediante ideas, vinculaci\u00f3n t\u00e9cnica y coordinaci\u00f3n institucional.<\/p>\n\n\n\n<p>La presentaci\u00f3n fue dirigida a \u00e1reas operativas y estrat\u00e9gicas como la Direcci\u00f3n General de Movilidad Urbana, la Direcci\u00f3n General de Medio Ambiente, Servicios P\u00fablicos, el Instituto Municipal de Cultura y Educaci\u00f3n (IMCE), la Direcci\u00f3n General de Ordenamiento Territorial y Urbanismo, la Direcci\u00f3n del Centro Hist\u00f3rico, el SIMAS Torre\u00f3n, Protecci\u00f3n Civil y Bomberos, entre otras dependencias involucradas.<\/p>\n\n\n\n<p>Terrazas Ramos explic\u00f3 que estas audiencias tienen como prop\u00f3sito que cada dependencia conozca el proyecto, identifique \u00e1reas de colaboraci\u00f3n y defina c\u00f3mo aportar desde sus funciones. Asimismo, inform\u00f3 que estas reuniones fomentan el sentido de apropiaci\u00f3n del proyecto, permiten la colaboraci\u00f3n con el sector privado en tareas espec\u00edficas, y facilitan la difusi\u00f3n de informaci\u00f3n clara y precisa hacia la ciudadan\u00eda.<\/p>\n\n\n\n<p>Destac\u00f3 que las acciones del proyecto dan continuidad a las l\u00edneas de trabajo de la Administraci\u00f3n Municipal del alcalde Rom\u00e1n Alberto Cepeda Gonz\u00e1lez, particularmente en materia de ordenamiento urbano, movilidad y recuperaci\u00f3n de espacios p\u00fablicos.<\/p>\n\n\n\n<p>En la reuni\u00f3n, el personal del IMPLAN expuso que el proyecto contempla acciones clave como el impulso al turismo cultural, la rehabilitaci\u00f3n de inmuebles para usos educativos y de capacitaci\u00f3n, la creaci\u00f3n de andadores comerciales, instalaci\u00f3n de mercados temporales de artesan\u00edas y antig\u00fcedades.<\/p>\n\n\n\n<p>As\u00ed como la incorporaci\u00f3n de mobiliario urbano con identidad local, mejoramiento de fachadas, ampliaci\u00f3n y diversificaci\u00f3n del alumbrado p\u00fablico, implementaci\u00f3n de jardines de lluvia, soluciones ambientales y mecanismos de participaci\u00f3n ciudadana en la gesti\u00f3n del espacio.<\/p>\n\n\n\n<p>Por su parte, Mario Alberto Talam\u00e1s Murra, presidente del Colegio de Arquitectos de la Comarca Lagunera (CACLAC), subray\u00f3 la importancia del trabajo conjunto entre todas las dependencias.<\/p>\n\n\n\n<p>La propuesta dijo, es iniciar con la zona que incluye el tramo de Paseo Morelos desde calle Zaragoza hasta calle Rodr\u00edguez, as\u00ed como la integraci\u00f3n de mobiliario urbano homologado en la calle Valdez Carrillo, de la avenida Matamoros, a la Ju\u00e1rez; en la calle Cepeda, de la Matamoros a la Hidalgo; y en la avenida Ju\u00e1rez.<\/p>\n\n\n\n<p>Lo anterior, conforme a la propuesta del Plan Parcial de Desarrollo Urbano del Centro Hist\u00f3rico (PPDUCH), para consolidar un corredor peatonal continuo, accesible y con identidad hist\u00f3rica.<\/p>\n\n\n\n<p>Finalmente, se inform\u00f3 que el proyecto ser\u00e1 presentado esta semana a cuatro grupos de actores estrat\u00e9gicos, entre ellos las dependencias involucradas, Iniciativa Privada, ciudadan\u00eda y actores clave, adem\u00e1s de medios de comunicaci\u00f3n, con el fin de establecer l\u00edneas de comunicaci\u00f3n adecuadas para cada sector.<\/p>\n","protected":false},"excerpt":{"rendered":"<p>Torre\u00f3n, Coahuila. A 24 de noviembre de 2025 Como parte de los trabajos para fortalecer el proyecto Regeneraci\u00f3n Paseo Morelos, este lunes inici\u00f3 la primera audiencia informativa para presentar el diagn\u00f3stico y las acciones generales a representantes de diversas dependencias municipales. La exposici\u00f3n estuvo a cargo del personal del Instituto Municipal de Planeaci\u00f3n y Competitividad [&hellip;]<\/p>\n","protected":false},"author":1,"featured_media":27477,"comment_status":"open","ping_status":"open","sticky":false,"template":"","format":"standard","meta":{"_monsterinsights_skip_tracking":false,"_monsterinsights_sitenote_active":false,"_monsterinsights_sitenote_note":"","_monsterinsights_sitenote_category":0,"footnotes":""},"categories":[1],"tags":[],"_links":{"self":[{"href":"https:\/\/zonalimitrofe-cbnr.com\/index.php\/wp-json\/wp\/v2\/posts\/27476"}],"collection":[{"href":"https:\/\/zonalimitrofe-cbnr.com\/index.php\/wp-json\/wp\/v2\/posts"}],"about":[{"href":"https:\/\/zonalimitrofe-cbnr.com\/index.php\/wp-json\/wp\/v2\/types\/post"}],"author":[{"embeddable":true,"href":"https:\/\/zonalimitrofe-cbnr.com\/index.php\/wp-json\/wp\/v2\/users\/1"}],"replies":[{"embeddable":true,"href":"https:\/\/zonalimitrofe-cbnr.com\/index.php\/wp-json\/wp\/v2\/comments?post=27476"}],"version-history":[{"count":1,"href":"https:\/\/zonalimitrofe-cbnr.com\/index.php\/wp-json\/wp\/v2\/posts\/27476\/revisions"}],"predecessor-version":[{"id":27478,"href":"https:\/\/zonalimitrofe-cbnr.com\/index.php\/wp-json\/wp\/v2\/posts\/27476\/revisions\/27478"}],"wp:featuredmedia":[{"embeddable":true,"href":"https:\/\/zonalimitrofe-cbnr.com\/index.php\/wp-json\/wp\/v2\/media\/27477"}],"wp:attachment":[{"href":"https:\/\/zonalimitrofe-cbnr.com\/index.php\/wp-json\/wp\/v2\/media?parent=27476"}],"wp:term":[{"taxonomy":"category","embeddable":true,"href":"https:\/\/zonalimitrofe-cbnr.com\/index.php\/wp-json\/wp\/v2\/categories?post=27476"},{"taxonomy":"post_tag","embeddable":true,"href":"https:\/\/zonalimitrofe-cbnr.com\/index.php\/wp-json\/wp\/v2\/tags?post=27476"}],"curies":[{"name":"wp","href":"https:\/\/api.w.org\/{rel}","templated":true}]}}