{"id":27460,"date":"2025-11-24T11:59:44","date_gmt":"2025-11-24T17:59:44","guid":{"rendered":"https:\/\/zonalimitrofe-cbnr.com\/?p=27460"},"modified":"2025-11-24T11:59:44","modified_gmt":"2025-11-24T17:59:44","slug":"lerdo-un-viaje-al-mictlan-historias-que-renacen-en-la-revolucion","status":"publish","type":"post","link":"https:\/\/zonalimitrofe-cbnr.com\/index.php\/2025\/11\/24\/lerdo-un-viaje-al-mictlan-historias-que-renacen-en-la-revolucion\/","title":{"rendered":"#Lerdo. UN VIAJE AL MICTL\u00c1N: HISTORIAS QUE RENACEN EN LA REVOLUCI\u00d3N*"},"content":{"rendered":"\n<p>Lerdo, 24 de noviembre 2025.- El Gobierno Municipal de Lerdo, a trav\u00e9s de la Direcci\u00f3n de Museograf\u00eda y con el respaldo de la Presidenta Municipal Susy Torrecillas, tiene el honor de invitar a la ciudadan\u00eda, as\u00ed como visitantes de la regi\u00f3n, a la presentaci\u00f3n del libro &#8220;\u00c9rase una vez en la Revoluci\u00f3n Mictl\u00e1n&#8221;, el pr\u00f3ximo jueves 27 de noviembre del 2025, a las 18:00 horas, en el hist\u00f3rico Museo Chalet Gorosave, ubicado en la Avenida Francisco I. Madero 386, Zona Centro de Lerdo.<\/p>\n\n\n\n<p>De acuerdo con lo que comparte el director de Museograf\u00eda, Jos\u00e9 Miguel Chairez Carrillo, este encuentro busca acercar a la comunidad a nuevas propuestas narrativas que fortalecen la cultura local. En este caso, reconoci\u00f3 al escritor Fernando L\u00f3pez Rosas, autor de la obra que se presentar\u00e1 este jueves.<\/p>\n\n\n\n<p>A\u00f1adi\u00f3 que el prop\u00f3sito central de esta actividad es inspirar a la audiencia a iniciar o profundizar su h\u00e1bito de lectura, motivando el inter\u00e9s por conocer el proceso editorial, desde la creaci\u00f3n creativa hasta la publicaci\u00f3n de un libro.<\/p>\n\n\n\n<p>Con este evento, el Gobierno Municipal de Lerdo reafirma su inter\u00e9s por acercar a la poblaci\u00f3n a espacios culturales, impulsando la creaci\u00f3n art\u00edstica y enriqueciendo la oferta cultural del municipio.<\/p>\n","protected":false},"excerpt":{"rendered":"<p>Lerdo, 24 de noviembre 2025.- El Gobierno Municipal de Lerdo, a trav\u00e9s de la Direcci\u00f3n de Museograf\u00eda y con el respaldo de la Presidenta Municipal Susy Torrecillas, tiene el honor de invitar a la ciudadan\u00eda, as\u00ed como visitantes de la regi\u00f3n, a la presentaci\u00f3n del libro &#8220;\u00c9rase una vez en la Revoluci\u00f3n Mictl\u00e1n&#8221;, el pr\u00f3ximo [&hellip;]<\/p>\n","protected":false},"author":1,"featured_media":27462,"comment_status":"open","ping_status":"open","sticky":false,"template":"","format":"standard","meta":{"_monsterinsights_skip_tracking":false,"_monsterinsights_sitenote_active":false,"_monsterinsights_sitenote_note":"","_monsterinsights_sitenote_category":0,"footnotes":""},"categories":[1],"tags":[],"_links":{"self":[{"href":"https:\/\/zonalimitrofe-cbnr.com\/index.php\/wp-json\/wp\/v2\/posts\/27460"}],"collection":[{"href":"https:\/\/zonalimitrofe-cbnr.com\/index.php\/wp-json\/wp\/v2\/posts"}],"about":[{"href":"https:\/\/zonalimitrofe-cbnr.com\/index.php\/wp-json\/wp\/v2\/types\/post"}],"author":[{"embeddable":true,"href":"https:\/\/zonalimitrofe-cbnr.com\/index.php\/wp-json\/wp\/v2\/users\/1"}],"replies":[{"embeddable":true,"href":"https:\/\/zonalimitrofe-cbnr.com\/index.php\/wp-json\/wp\/v2\/comments?post=27460"}],"version-history":[{"count":1,"href":"https:\/\/zonalimitrofe-cbnr.com\/index.php\/wp-json\/wp\/v2\/posts\/27460\/revisions"}],"predecessor-version":[{"id":27463,"href":"https:\/\/zonalimitrofe-cbnr.com\/index.php\/wp-json\/wp\/v2\/posts\/27460\/revisions\/27463"}],"wp:featuredmedia":[{"embeddable":true,"href":"https:\/\/zonalimitrofe-cbnr.com\/index.php\/wp-json\/wp\/v2\/media\/27462"}],"wp:attachment":[{"href":"https:\/\/zonalimitrofe-cbnr.com\/index.php\/wp-json\/wp\/v2\/media?parent=27460"}],"wp:term":[{"taxonomy":"category","embeddable":true,"href":"https:\/\/zonalimitrofe-cbnr.com\/index.php\/wp-json\/wp\/v2\/categories?post=27460"},{"taxonomy":"post_tag","embeddable":true,"href":"https:\/\/zonalimitrofe-cbnr.com\/index.php\/wp-json\/wp\/v2\/tags?post=27460"}],"curies":[{"name":"wp","href":"https:\/\/api.w.org\/{rel}","templated":true}]}}