{"id":27454,"date":"2025-11-24T11:15:44","date_gmt":"2025-11-24T17:15:44","guid":{"rendered":"https:\/\/zonalimitrofe-cbnr.com\/?p=27454"},"modified":"2025-11-24T11:15:44","modified_gmt":"2025-11-24T17:15:44","slug":"durango-mas-de-30-mil-personas-vivieron-y-aportaron-en-la-kermesse-de-la-familia-2025-en-estacion-central","status":"publish","type":"post","link":"https:\/\/zonalimitrofe-cbnr.com\/index.php\/2025\/11\/24\/durango-mas-de-30-mil-personas-vivieron-y-aportaron-en-la-kermesse-de-la-familia-2025-en-estacion-central\/","title":{"rendered":"#Durango. M\u00e1s de 30 mil personas vivieron y aportaron en la Kermesse de la Familia 2025 en Estaci\u00f3n Central*"},"content":{"rendered":"\n<p>* _Esteban y Marisol convivieron con las familias y agradecieron la participaci\u00f3n para llevar una Navidad feliz a todos los ni\u00f1os de Durango._<\/p>\n\n\n\n<p>* _La verbena reuni\u00f3 gastronom\u00eda, juegos mec\u00e1nicos, t\u00f3mbola, rifa, m\u00fasica y el show de Bely y Beto._<\/p>\n\n\n\n<p>La Kermesse de la Familia 2025 se convirti\u00f3 en una gran celebraci\u00f3n comunitaria que reuni\u00f3 a m\u00e1s de 30 mil personas en Estaci\u00f3n Central, donde ni\u00f1as, ni\u00f1os, j\u00f3venes y adultos disfrutaron de un ambiente lleno de alegr\u00eda, uni\u00f3n y participaci\u00f3n. Con la presencia del gobernador Esteban Villegas Villarreal y la presidenta del DIF Estatal, Marisol Rosso Rivera, las familias se sumaron con gran entusiasmo a esta noble causa para reunir juguetes y recursos que har\u00e1n posible que la Navidad llegue a todas las regiones del estado.<\/p>\n\n\n\n<p>Durante el recorrido por la verbena instalada sobre la avenida G\u00f3mez Mor\u00edn, Esteban Villegas, Marisol Rosso Rivera, el presidente municipal To\u00f1o Ochoa y el diputado Ernesto Alan\u00eds convivieron con la gente entre sonrisas y saludos, visitando los diferentes atractivos que ofrec\u00eda la Kermesse: antojitos duranguenses, juegos mec\u00e1nicos, t\u00f3mbola, exposici\u00f3n de autos cl\u00e1sicos, bailes folcl\u00f3ricos y la energ\u00eda inigualable de las familias reunidas.<\/p>\n\n\n\n<p>Uno de los momentos m\u00e1s esperados fue la presentaci\u00f3n de \u201cBely y Beto \u2013 Sue\u00f1os Tour\u201d, que hizo vibrar a las ni\u00f1as y ni\u00f1os presentes. Las risas y coreograf\u00edas llenaron el recinto, mientras Esteban y Marisol agradec\u00edan a las familias por apoyar esta misi\u00f3n solidaria. \u201cHoy dejamos en claro que Durango es m\u00e1s grande que cualquier color y que todos nos unimos por la Navidad de las ni\u00f1as y ni\u00f1os\u201d, afirm\u00f3 Marisol Rosso en medio del entusiasmo general.<\/p>\n\n\n\n<p>Entre las sorpresas del d\u00eda destac\u00f3 \u201cLa T\u00f3mbola Kids\u201d, exclusiva para los m\u00e1s peque\u00f1os, con m\u00e1s de 500 boletos en juego. Desde juguetes hasta bicicletas y consolas de videojuegos, esta din\u00e1mica se convirti\u00f3 en uno de los puntos m\u00e1s emocionantes de la jornada, demostrando que la Kermesse fue pensada para que la ni\u00f1ez fuera la gran protagonista.<\/p>\n\n\n\n<p>Asimismo, se realiz\u00f3 la rifa del auto organizada por el Congreso del Estado, llevada a cabo ante Notario p\u00fablico con seis mil boletos que permitieron recaudar 200 mil pesos, mismos que ser\u00e1n destinados a las actividades del DIF Estatal para garantizar que la alegr\u00eda navide\u00f1a llegue a cada rinc\u00f3n de Durango. Legisladores locales participaron de forma activa, mostrando unidad y compromiso con la causa.<\/p>\n\n\n\n<p>El cierre del evento fue inolvidable: el corrido de Durango interpretado por varios m\u00fasico, entre ellos, el grupo Norte\u00f1o Palos, con la voz del propio gobernador Esteban a petici\u00f3n de la gente, marc\u00f3 el final perfecto de una convivencia llena de coraz\u00f3n. Mientras sonaba la m\u00fasica, las familias continuaron cooperando y realizando aportaciones para esta noble causa, reflejando la generosidad duranguense. Al final, el presidente municipal To\u00f1o Ochoa tambi\u00e9n se sum\u00f3 con \u00e1nimo y participaci\u00f3n, haciendo de este cierre un momento de uni\u00f3n total en torno al cari\u00f1o, la solidaridad y la ilusi\u00f3n de hacer feliz a cada ni\u00f1a y ni\u00f1o en esta Navidad.<\/p>\n","protected":false},"excerpt":{"rendered":"<p>* _Esteban y Marisol convivieron con las familias y agradecieron la participaci\u00f3n para llevar una Navidad feliz a todos los ni\u00f1os de Durango._ * _La verbena reuni\u00f3 gastronom\u00eda, juegos mec\u00e1nicos, t\u00f3mbola, rifa, m\u00fasica y el show de Bely y Beto._ La Kermesse de la Familia 2025 se convirti\u00f3 en una gran celebraci\u00f3n comunitaria que reuni\u00f3 [&hellip;]<\/p>\n","protected":false},"author":1,"featured_media":27455,"comment_status":"open","ping_status":"open","sticky":false,"template":"","format":"standard","meta":{"_monsterinsights_skip_tracking":false,"_monsterinsights_sitenote_active":false,"_monsterinsights_sitenote_note":"","_monsterinsights_sitenote_category":0,"footnotes":""},"categories":[1],"tags":[],"_links":{"self":[{"href":"https:\/\/zonalimitrofe-cbnr.com\/index.php\/wp-json\/wp\/v2\/posts\/27454"}],"collection":[{"href":"https:\/\/zonalimitrofe-cbnr.com\/index.php\/wp-json\/wp\/v2\/posts"}],"about":[{"href":"https:\/\/zonalimitrofe-cbnr.com\/index.php\/wp-json\/wp\/v2\/types\/post"}],"author":[{"embeddable":true,"href":"https:\/\/zonalimitrofe-cbnr.com\/index.php\/wp-json\/wp\/v2\/users\/1"}],"replies":[{"embeddable":true,"href":"https:\/\/zonalimitrofe-cbnr.com\/index.php\/wp-json\/wp\/v2\/comments?post=27454"}],"version-history":[{"count":1,"href":"https:\/\/zonalimitrofe-cbnr.com\/index.php\/wp-json\/wp\/v2\/posts\/27454\/revisions"}],"predecessor-version":[{"id":27456,"href":"https:\/\/zonalimitrofe-cbnr.com\/index.php\/wp-json\/wp\/v2\/posts\/27454\/revisions\/27456"}],"wp:featuredmedia":[{"embeddable":true,"href":"https:\/\/zonalimitrofe-cbnr.com\/index.php\/wp-json\/wp\/v2\/media\/27455"}],"wp:attachment":[{"href":"https:\/\/zonalimitrofe-cbnr.com\/index.php\/wp-json\/wp\/v2\/media?parent=27454"}],"wp:term":[{"taxonomy":"category","embeddable":true,"href":"https:\/\/zonalimitrofe-cbnr.com\/index.php\/wp-json\/wp\/v2\/categories?post=27454"},{"taxonomy":"post_tag","embeddable":true,"href":"https:\/\/zonalimitrofe-cbnr.com\/index.php\/wp-json\/wp\/v2\/tags?post=27454"}],"curies":[{"name":"wp","href":"https:\/\/api.w.org\/{rel}","templated":true}]}}