{"id":27445,"date":"2025-11-23T17:10:44","date_gmt":"2025-11-23T23:10:44","guid":{"rendered":"https:\/\/zonalimitrofe-cbnr.com\/?p=27445"},"modified":"2025-11-23T17:10:44","modified_gmt":"2025-11-23T23:10:44","slug":"gp-implementa-la-direccion-de-ecologia-el-programa-de-educacion-ambiental-en-escuela-de-gomez-palacio","status":"publish","type":"post","link":"https:\/\/zonalimitrofe-cbnr.com\/index.php\/2025\/11\/23\/gp-implementa-la-direccion-de-ecologia-el-programa-de-educacion-ambiental-en-escuela-de-gomez-palacio\/","title":{"rendered":"#GP. Implementa la Direcci\u00f3n de Ecolog\u00eda el Programa de Educaci\u00f3n Ambiental en escuela de G\u00f3mez Palacio*"},"content":{"rendered":"\n<p>\u2022 La alcaldesa Betzab\u00e9 Mart\u00ednez destaca que estos programas son la base de la transformaci\u00f3n del municipio<\/p>\n\n\n\n<p>Con el objetivo de avanzar en la aplicaci\u00f3n del Programa Municipal de Educaci\u00f3n Ambiental para la Sustentabilidad en escuelas primarias, el Ayuntamiento de G\u00f3mez Palacio, a trav\u00e9s de la Direcci\u00f3n de Ecolog\u00eda y Protecci\u00f3n al Ambiente, llev\u00f3 a cabo una mesa de trabajo con directivos y docentes en las instalaciones del Parque La Esperanza.<\/p>\n\n\n\n<p>Durante la jornada, las y los participantes compartieron experiencias, din\u00e1micas y propuestas orientadas a fortalecer el cuidado del medio ambiente, promover el conocimiento de la biodiversidad y sembrar en la ni\u00f1ez el amor por la naturaleza.<\/p>\n\n\n\n<p>Gladys Aguirre Balza, subdirectora del Departamento de Ecolog\u00eda, subray\u00f3 la importancia de generar conciencia ambiental desde edades tempranas.<br>\u201cIncluir el cuidado del medio ambiente y el respeto por la naturaleza en la educaci\u00f3n primaria es una manera de formar personas m\u00e1s emp\u00e1ticas con su entorno y conscientes de que todo lo que consumimos genera un residuo que permanecer\u00e1 durante muchos a\u00f1os en el ambiente\u201d, se\u00f1al\u00f3.<\/p>\n\n\n\n<p>Explic\u00f3 que esta actividad forma parte de la primera etapa del proceso para implementar formalmente el Programa Municipal de Educaci\u00f3n Ambiental para la Sustentabilidad en la educaci\u00f3n b\u00e1sica. En esta fase se recaba la visi\u00f3n de docentes y directivos para establecer bases s\u00f3lidas y un modelo participativo.<\/p>\n\n\n\n<p>Aguirre Balza destac\u00f3 que la alcaldesa Betzab\u00e9 Mart\u00ednez Arango ha impulsado este tipo de iniciativas, reconociendo su relevancia para el futuro del municipio.<\/p>\n\n\n\n<p>\u201cEstos programas son fundamentales y representan la base de la transformaci\u00f3n de G\u00f3mez Palacio\u201d, apunt\u00f3.<\/p>\n\n\n\n<p>Con acciones como esta, el Gobierno Municipal reafirma su compromiso con la protecci\u00f3n del medio ambiente y con la formaci\u00f3n de nuevas generaciones responsables y conscientes del cuidado de los recursos naturales.<\/p>\n","protected":false},"excerpt":{"rendered":"<p>\u2022 La alcaldesa Betzab\u00e9 Mart\u00ednez destaca que estos programas son la base de la transformaci\u00f3n del municipio Con el objetivo de avanzar en la aplicaci\u00f3n del Programa Municipal de Educaci\u00f3n Ambiental para la Sustentabilidad en escuelas primarias, el Ayuntamiento de G\u00f3mez Palacio, a trav\u00e9s de la Direcci\u00f3n de Ecolog\u00eda y Protecci\u00f3n al Ambiente, llev\u00f3 a [&hellip;]<\/p>\n","protected":false},"author":1,"featured_media":27446,"comment_status":"open","ping_status":"open","sticky":false,"template":"","format":"standard","meta":{"_monsterinsights_skip_tracking":false,"_monsterinsights_sitenote_active":false,"_monsterinsights_sitenote_note":"","_monsterinsights_sitenote_category":0,"footnotes":""},"categories":[1],"tags":[],"_links":{"self":[{"href":"https:\/\/zonalimitrofe-cbnr.com\/index.php\/wp-json\/wp\/v2\/posts\/27445"}],"collection":[{"href":"https:\/\/zonalimitrofe-cbnr.com\/index.php\/wp-json\/wp\/v2\/posts"}],"about":[{"href":"https:\/\/zonalimitrofe-cbnr.com\/index.php\/wp-json\/wp\/v2\/types\/post"}],"author":[{"embeddable":true,"href":"https:\/\/zonalimitrofe-cbnr.com\/index.php\/wp-json\/wp\/v2\/users\/1"}],"replies":[{"embeddable":true,"href":"https:\/\/zonalimitrofe-cbnr.com\/index.php\/wp-json\/wp\/v2\/comments?post=27445"}],"version-history":[{"count":1,"href":"https:\/\/zonalimitrofe-cbnr.com\/index.php\/wp-json\/wp\/v2\/posts\/27445\/revisions"}],"predecessor-version":[{"id":27447,"href":"https:\/\/zonalimitrofe-cbnr.com\/index.php\/wp-json\/wp\/v2\/posts\/27445\/revisions\/27447"}],"wp:featuredmedia":[{"embeddable":true,"href":"https:\/\/zonalimitrofe-cbnr.com\/index.php\/wp-json\/wp\/v2\/media\/27446"}],"wp:attachment":[{"href":"https:\/\/zonalimitrofe-cbnr.com\/index.php\/wp-json\/wp\/v2\/media?parent=27445"}],"wp:term":[{"taxonomy":"category","embeddable":true,"href":"https:\/\/zonalimitrofe-cbnr.com\/index.php\/wp-json\/wp\/v2\/categories?post=27445"},{"taxonomy":"post_tag","embeddable":true,"href":"https:\/\/zonalimitrofe-cbnr.com\/index.php\/wp-json\/wp\/v2\/tags?post=27445"}],"curies":[{"name":"wp","href":"https:\/\/api.w.org\/{rel}","templated":true}]}}