{"id":27420,"date":"2025-11-22T17:03:30","date_gmt":"2025-11-22T23:03:30","guid":{"rendered":"https:\/\/zonalimitrofe-cbnr.com\/?p=27420"},"modified":"2025-11-22T17:03:30","modified_gmt":"2025-11-22T23:03:30","slug":"gp-arranca-en-gomez-palacio-el-proceso-de-eleccion-de-autoridades-auxiliares-del-ayuntamiento","status":"publish","type":"post","link":"https:\/\/zonalimitrofe-cbnr.com\/index.php\/2025\/11\/22\/gp-arranca-en-gomez-palacio-el-proceso-de-eleccion-de-autoridades-auxiliares-del-ayuntamiento\/","title":{"rendered":"#GP. Arranca en G\u00f3mez Palacio el proceso de elecci\u00f3n de autoridades auxiliares del Ayuntamiento*"},"content":{"rendered":"\n<p>\u2022 La alcaldesa Betzab\u00e9 Mart\u00ednez y el Secretario del Ayuntamiento llaman a participar de manera responsable y respetuosa<\/p>\n\n\n\n<p>El Secretario del Ayuntamiento de G\u00f3mez Palacio, Aldo Dami\u00e1n Mac\u00edas Franco, inform\u00f3 que, una vez concluido el periodo de registro y cumplidos los requisitos establecidos por la normativa vigente, este lunes 24 de noviembre dar\u00e1 inicio el proceso de elecci\u00f3n de autoridades auxiliares en las comunidades rurales del municipio.<\/p>\n\n\n\n<p>Mac\u00edas Franco, responsable de la organizaci\u00f3n de este proceso, llam\u00f3 a las y los habitantes de los ejidos a participar de manera responsable, pac\u00edfica y respetuosa, subrayando que todo est\u00e1 listo para llevar a cabo la renovaci\u00f3n de jefaturas de cuartel, cuya programaci\u00f3n comienza este lunes en los ejidos La Jarita, Morelos, Berl\u00edn, 6 de Octubre y Providencia, entre otros. Las jornadas se desarrollar\u00e1n conforme al calendario establecido, que se extender\u00e1 hasta la elecci\u00f3n del Presidente de la Villa de Gregorio A. Garc\u00eda, programada para el 9 de diciembre.<\/p>\n\n\n\n<p>El Secretario explic\u00f3 que la calendarizaci\u00f3n se organiz\u00f3 en tres bloques \u201cacomodados por per\u00edmetros\u201d, lo que permitir\u00e1 un desarrollo ordenado y eficiente de las jornadas.<\/p>\n\n\n\n<p>Asimismo, inform\u00f3 que se contar\u00e1 con la presencia de representantes de los distintos partidos pol\u00edticos, quienes participar\u00e1n como observadores del proceso. Agradeci\u00f3 tambi\u00e9n al Instituto Nacional Electoral (INE) por su colaboraci\u00f3n a trav\u00e9s del pr\u00e9stamo de urnas y mamparas, herramientas que garantizar\u00e1n condiciones adecuadas para la votaci\u00f3n.<br>Las elecciones en cada comunidad se realizar\u00e1n en un horario de 11:00 de la ma\u00f1ana a 4:00 de la tarde, para posteriormente proceder al conteo de votos y a la publicaci\u00f3n de los resultados en el sitio de la elecci\u00f3n.<\/p>\n\n\n\n<p>Mac\u00edas Franco destac\u00f3 que se espera una participaci\u00f3n amplia y ordenada de la ciudadan\u00eda, dado que estas elecciones permiten designar a quienes fungir\u00e1n como autoridades auxiliares del Ayuntamiento. Se\u00f1al\u00f3 que la presidenta municipal, Betzab\u00e9 Mart\u00ednez Arango, ha enfatizado la importancia de fortalecer la vida democr\u00e1tica y el sentido de representaci\u00f3n comunitaria mediante una participaci\u00f3n respetuosa y sin incidentes.<\/p>\n\n\n\n<p>\u201cSe trata de que la poblaci\u00f3n se sienta debidamente representada y tomada en cuenta\u201d, afirm\u00f3.<\/p>\n","protected":false},"excerpt":{"rendered":"<p>\u2022 La alcaldesa Betzab\u00e9 Mart\u00ednez y el Secretario del Ayuntamiento llaman a participar de manera responsable y respetuosa El Secretario del Ayuntamiento de G\u00f3mez Palacio, Aldo Dami\u00e1n Mac\u00edas Franco, inform\u00f3 que, una vez concluido el periodo de registro y cumplidos los requisitos establecidos por la normativa vigente, este lunes 24 de noviembre dar\u00e1 inicio el [&hellip;]<\/p>\n","protected":false},"author":1,"featured_media":27421,"comment_status":"open","ping_status":"open","sticky":false,"template":"","format":"standard","meta":{"_monsterinsights_skip_tracking":false,"_monsterinsights_sitenote_active":false,"_monsterinsights_sitenote_note":"","_monsterinsights_sitenote_category":0,"footnotes":""},"categories":[1],"tags":[],"_links":{"self":[{"href":"https:\/\/zonalimitrofe-cbnr.com\/index.php\/wp-json\/wp\/v2\/posts\/27420"}],"collection":[{"href":"https:\/\/zonalimitrofe-cbnr.com\/index.php\/wp-json\/wp\/v2\/posts"}],"about":[{"href":"https:\/\/zonalimitrofe-cbnr.com\/index.php\/wp-json\/wp\/v2\/types\/post"}],"author":[{"embeddable":true,"href":"https:\/\/zonalimitrofe-cbnr.com\/index.php\/wp-json\/wp\/v2\/users\/1"}],"replies":[{"embeddable":true,"href":"https:\/\/zonalimitrofe-cbnr.com\/index.php\/wp-json\/wp\/v2\/comments?post=27420"}],"version-history":[{"count":1,"href":"https:\/\/zonalimitrofe-cbnr.com\/index.php\/wp-json\/wp\/v2\/posts\/27420\/revisions"}],"predecessor-version":[{"id":27422,"href":"https:\/\/zonalimitrofe-cbnr.com\/index.php\/wp-json\/wp\/v2\/posts\/27420\/revisions\/27422"}],"wp:featuredmedia":[{"embeddable":true,"href":"https:\/\/zonalimitrofe-cbnr.com\/index.php\/wp-json\/wp\/v2\/media\/27421"}],"wp:attachment":[{"href":"https:\/\/zonalimitrofe-cbnr.com\/index.php\/wp-json\/wp\/v2\/media?parent=27420"}],"wp:term":[{"taxonomy":"category","embeddable":true,"href":"https:\/\/zonalimitrofe-cbnr.com\/index.php\/wp-json\/wp\/v2\/categories?post=27420"},{"taxonomy":"post_tag","embeddable":true,"href":"https:\/\/zonalimitrofe-cbnr.com\/index.php\/wp-json\/wp\/v2\/tags?post=27420"}],"curies":[{"name":"wp","href":"https:\/\/api.w.org\/{rel}","templated":true}]}}