{"id":27411,"date":"2025-11-22T16:56:18","date_gmt":"2025-11-22T22:56:18","guid":{"rendered":"https:\/\/zonalimitrofe-cbnr.com\/?p=27411"},"modified":"2025-11-22T16:56:18","modified_gmt":"2025-11-22T22:56:18","slug":"gp-magistral-concierto-de-opera-y-musica-clasica-clausura-el-festival-de-la-revolucion-en-gomez-palacio","status":"publish","type":"post","link":"https:\/\/zonalimitrofe-cbnr.com\/index.php\/2025\/11\/22\/gp-magistral-concierto-de-opera-y-musica-clasica-clausura-el-festival-de-la-revolucion-en-gomez-palacio\/","title":{"rendered":"#GP. Magistral concierto de \u00f3pera y m\u00fasica cl\u00e1sica clausura el Festival de la Revoluci\u00f3n en G\u00f3mez Palacio*"},"content":{"rendered":"\n<p>El Festival de la Revoluci\u00f3n 2025 llega esta tarde a su gran cierre con un evento de primer nivel que celebra el talento local, la formaci\u00f3n art\u00edstica y la fuerza transformadora de la m\u00fasica cl\u00e1sica.<\/p>\n\n\n\n<p>La Direcci\u00f3n de Arte y Cultura invita a toda la ciudadan\u00eda a disfrutar de una jornada \u00fanica que combina \u00f3pera, orquesta y encuentro acad\u00e9mico.<\/p>\n\n\n\n<p>La clausura iniciar\u00e1 con la presentaci\u00f3n del \u201cEstudio de \u00d3pera G\u00f3mez Palacio\u201d, un proyecto que impulsa el talento vocal de la regi\u00f3n y que busca proyectar a nuevas generaciones en el canto l\u00edrico a trav\u00e9s de formaci\u00f3n profesional y experiencias esc\u00e9nicas.<\/p>\n\n\n\n<p>Como parte del programa, se ofrecer\u00e1 una master class exclusiva a cargo del compositor Miguel Almaguer, invitado especial que llega desde Monterrey. Con una reconocida trayectoria internacional, Almaguer ha colaborado con figuras como Il Divo, Benny Ibarra, Laura Pausini, entre otros artistas y proyectos de renombre. Su presencia representa una oportunidad invaluable para las y los j\u00f3venes talentos de G\u00f3mez Palacio.<\/p>\n\n\n\n<p>Finalmente, la Orquesta Filarm\u00f3nica DIME ofrecer\u00e1 un concierto de clausura que reunir\u00e1 obras emblem\u00e1ticas del repertorio cl\u00e1sico y mexicano, reafirmando el compromiso del municipio con la educaci\u00f3n musical y el desarrollo art\u00edstico desde la infancia.<\/p>\n\n\n\n<p>El evento dar\u00e1 inicio en punto de las 4:00 p.m. en Casa Faya que alberca el Centro de las Artes G\u00f3mez Palacio.<br>La entrada es gratuita, con cupo limitado, por lo que se recomienda llegar con anticipaci\u00f3n.<\/p>\n\n\n\n<p>Con esta presentaci\u00f3n, el Ayuntamiento de G\u00f3mez Palacio, bajo la visi\u00f3n de la presidenta municipal Betzab\u00e9 Mart\u00ednez Arango, cierra un festival que llen\u00f3 la ciudad de arte, memoria, identidad y participaci\u00f3n comunitaria, consolidando la revoluci\u00f3n cultural que hoy distingue al municipio.<\/p>\n","protected":false},"excerpt":{"rendered":"<p>El Festival de la Revoluci\u00f3n 2025 llega esta tarde a su gran cierre con un evento de primer nivel que celebra el talento local, la formaci\u00f3n art\u00edstica y la fuerza transformadora de la m\u00fasica cl\u00e1sica. La Direcci\u00f3n de Arte y Cultura invita a toda la ciudadan\u00eda a disfrutar de una jornada \u00fanica que combina \u00f3pera, [&hellip;]<\/p>\n","protected":false},"author":1,"featured_media":27412,"comment_status":"open","ping_status":"open","sticky":false,"template":"","format":"standard","meta":{"_monsterinsights_skip_tracking":false,"_monsterinsights_sitenote_active":false,"_monsterinsights_sitenote_note":"","_monsterinsights_sitenote_category":0,"footnotes":""},"categories":[1],"tags":[],"_links":{"self":[{"href":"https:\/\/zonalimitrofe-cbnr.com\/index.php\/wp-json\/wp\/v2\/posts\/27411"}],"collection":[{"href":"https:\/\/zonalimitrofe-cbnr.com\/index.php\/wp-json\/wp\/v2\/posts"}],"about":[{"href":"https:\/\/zonalimitrofe-cbnr.com\/index.php\/wp-json\/wp\/v2\/types\/post"}],"author":[{"embeddable":true,"href":"https:\/\/zonalimitrofe-cbnr.com\/index.php\/wp-json\/wp\/v2\/users\/1"}],"replies":[{"embeddable":true,"href":"https:\/\/zonalimitrofe-cbnr.com\/index.php\/wp-json\/wp\/v2\/comments?post=27411"}],"version-history":[{"count":1,"href":"https:\/\/zonalimitrofe-cbnr.com\/index.php\/wp-json\/wp\/v2\/posts\/27411\/revisions"}],"predecessor-version":[{"id":27413,"href":"https:\/\/zonalimitrofe-cbnr.com\/index.php\/wp-json\/wp\/v2\/posts\/27411\/revisions\/27413"}],"wp:featuredmedia":[{"embeddable":true,"href":"https:\/\/zonalimitrofe-cbnr.com\/index.php\/wp-json\/wp\/v2\/media\/27412"}],"wp:attachment":[{"href":"https:\/\/zonalimitrofe-cbnr.com\/index.php\/wp-json\/wp\/v2\/media?parent=27411"}],"wp:term":[{"taxonomy":"category","embeddable":true,"href":"https:\/\/zonalimitrofe-cbnr.com\/index.php\/wp-json\/wp\/v2\/categories?post=27411"},{"taxonomy":"post_tag","embeddable":true,"href":"https:\/\/zonalimitrofe-cbnr.com\/index.php\/wp-json\/wp\/v2\/tags?post=27411"}],"curies":[{"name":"wp","href":"https:\/\/api.w.org\/{rel}","templated":true}]}}