{"id":27380,"date":"2025-11-21T19:46:07","date_gmt":"2025-11-22T01:46:07","guid":{"rendered":"https:\/\/zonalimitrofe-cbnr.com\/?p=27380"},"modified":"2025-11-21T19:46:07","modified_gmt":"2025-11-22T01:46:07","slug":"lerdo-susy-torrecillas-participa-en-reunion-semanal-de-seguridad-busca-garantizar-un-lerdo-seguro","status":"publish","type":"post","link":"https:\/\/zonalimitrofe-cbnr.com\/index.php\/2025\/11\/21\/lerdo-susy-torrecillas-participa-en-reunion-semanal-de-seguridad-busca-garantizar-un-lerdo-seguro\/","title":{"rendered":"#Lerdo. SUSY TORRECILLAS PARTICIPA EN REUNI\u00d3N SEMANAL DE SEGURIDAD: BUSCA GARANTIZAR UN LERDO SEGURO*"},"content":{"rendered":"\n<p>Lerdo, 21 de noviembre 2025.- Este viernes, la Presidenta Municipal Susy Carolina Torrecillas Salazar, particip\u00f3 en la reuni\u00f3n semanal de seguridad, realizada en la Vicefiscal\u00eda Regi\u00f3n Lagunera de Durango.<\/p>\n\n\n\n<p>Acompa\u00f1ada del secretario del Ayuntamiento, Aldo Rubio, y de la titular del Instituto de la Mujer, Clara Mayra Zepeda, as\u00ed como en presencia de autoridades de diversas corporaciones de seguridad y del comandante del 72\/o Batall\u00f3n de Infanter\u00eda, Fernando Rosas Clemente, se revisaron los \u00edndices delictivos correspondientes a la semana.<\/p>\n\n\n\n<p>Al t\u00e9rmino de la reuni\u00f3n, la Presidenta comparti\u00f3 a los medios de comunicaci\u00f3n que, aunque Lerdo mantiene un ambiente de tranquilidad, semana a semana contin\u00faa solicitando el respaldo de todas las autoridades, con el firme prop\u00f3sito de que nuevas inversiones lleguen al municipio y las ya establecidas operen con certidumbre.<\/p>\n\n\n\n<p>Destac\u00f3 que, a trav\u00e9s de la Direcci\u00f3n de Desarrollo Econ\u00f3mico, Prevenci\u00f3n Social y Plazas y Mercados, los inspectores visitar\u00e1n los negocios y establecimientos para invitarlos a regularizarse y comenzar el 2026 con la mayor\u00eda de los comercios en orden.<\/p>\n\n\n\n<p>Asimismo, detall\u00f3 que todo el personal se encuentra plenamente identificado y uniformado, con la finalidad de brindar tranquilidad a la ciudadan\u00eda.<\/p>\n","protected":false},"excerpt":{"rendered":"<p>Lerdo, 21 de noviembre 2025.- Este viernes, la Presidenta Municipal Susy Carolina Torrecillas Salazar, particip\u00f3 en la reuni\u00f3n semanal de seguridad, realizada en la Vicefiscal\u00eda Regi\u00f3n Lagunera de Durango. Acompa\u00f1ada del secretario del Ayuntamiento, Aldo Rubio, y de la titular del Instituto de la Mujer, Clara Mayra Zepeda, as\u00ed como en presencia de autoridades de [&hellip;]<\/p>\n","protected":false},"author":1,"featured_media":27381,"comment_status":"open","ping_status":"open","sticky":false,"template":"","format":"standard","meta":{"_monsterinsights_skip_tracking":false,"_monsterinsights_sitenote_active":false,"_monsterinsights_sitenote_note":"","_monsterinsights_sitenote_category":0,"footnotes":""},"categories":[1],"tags":[],"_links":{"self":[{"href":"https:\/\/zonalimitrofe-cbnr.com\/index.php\/wp-json\/wp\/v2\/posts\/27380"}],"collection":[{"href":"https:\/\/zonalimitrofe-cbnr.com\/index.php\/wp-json\/wp\/v2\/posts"}],"about":[{"href":"https:\/\/zonalimitrofe-cbnr.com\/index.php\/wp-json\/wp\/v2\/types\/post"}],"author":[{"embeddable":true,"href":"https:\/\/zonalimitrofe-cbnr.com\/index.php\/wp-json\/wp\/v2\/users\/1"}],"replies":[{"embeddable":true,"href":"https:\/\/zonalimitrofe-cbnr.com\/index.php\/wp-json\/wp\/v2\/comments?post=27380"}],"version-history":[{"count":1,"href":"https:\/\/zonalimitrofe-cbnr.com\/index.php\/wp-json\/wp\/v2\/posts\/27380\/revisions"}],"predecessor-version":[{"id":27382,"href":"https:\/\/zonalimitrofe-cbnr.com\/index.php\/wp-json\/wp\/v2\/posts\/27380\/revisions\/27382"}],"wp:featuredmedia":[{"embeddable":true,"href":"https:\/\/zonalimitrofe-cbnr.com\/index.php\/wp-json\/wp\/v2\/media\/27381"}],"wp:attachment":[{"href":"https:\/\/zonalimitrofe-cbnr.com\/index.php\/wp-json\/wp\/v2\/media?parent=27380"}],"wp:term":[{"taxonomy":"category","embeddable":true,"href":"https:\/\/zonalimitrofe-cbnr.com\/index.php\/wp-json\/wp\/v2\/categories?post=27380"},{"taxonomy":"post_tag","embeddable":true,"href":"https:\/\/zonalimitrofe-cbnr.com\/index.php\/wp-json\/wp\/v2\/tags?post=27380"}],"curies":[{"name":"wp","href":"https:\/\/api.w.org\/{rel}","templated":true}]}}