{"id":2737,"date":"2024-03-10T15:35:22","date_gmt":"2024-03-10T21:35:22","guid":{"rendered":"https:\/\/zonalimitrofe-cbnr.com\/?p=2737"},"modified":"2024-03-10T15:35:22","modified_gmt":"2024-03-10T21:35:22","slug":"durango-regresa-la-vida-cultural-a-el-teatro-del-calvario","status":"publish","type":"post","link":"https:\/\/zonalimitrofe-cbnr.com\/index.php\/2024\/03\/10\/durango-regresa-la-vida-cultural-a-el-teatro-del-calvario\/","title":{"rendered":"#Durango. REGRESA LA VIDA CULTURAL A EL TEATRO DEL CALVARIO"},"content":{"rendered":"\n<p>\u201cAndamos haciendo un recorrido en esta obra, echamos a andar el Telef\u00e9rico y ahorita venimos a supervisar esta obra, la verdad, yo bien contento, Lauro tambi\u00e9n por todo lo que significa este espacio de gente que creci\u00f3 con la callejoneada que era lo \u00fanico que hab\u00eda en aquel tiempo, nosotros llegamos en el 96\u00b4, no hab\u00eda nada, estaba vandalizado todo, destruido y poco a poco fuimos reparando, Lilia Santaella nos encarg\u00f3 la callejoneada; 12 a\u00f1os todos los domingos conduciendo, no hab\u00eda redes sociales, hab\u00eda mucha gente de diferentes partes de la ciudad, era lo \u00fanico que hab\u00eda, no estaba el Centro Hist\u00f3rico como esta, lo \u00fanico que hab\u00eda era la callejoneada y se ven\u00eda la gente, lo fuimos acondicionando, nos lo quisieron quitar, por mucho tiempo, nunca nos dejamos, muchas historias desde la escuela de la M\u00fasica Mexicana\u2026 De aqu\u00ed sali\u00f3 Chuy Salinas, Sembradores de la Sierra y muchos artistas aqu\u00ed se estrenaron.<\/p>\n\n\n\n<p>JUNTO CON EL DIRECTOR DE FERIAS Y ESPECT\u00c1CULOS, LAURO ARCE, EL GOBERNADOR ESTEBAN RECUERDA DIVERSOS ACONTECIMIENTOS QUE HAN SIDO PARTE DE LA HISTORIA DE LOS DURANGUENSES<\/p>\n\n\n\n<p>Muchas familias convivieron, hubo una pedida de mano en caballo; el barrio del Calvario ha visto desfilar muchos artistas, como el mago Miyi, ah\u00ed se presentaba, festivales de escuelas, muchos recuerdos en ese escenario, de los negocios locales que fung\u00edan como patrocinadores de los artistas, bailarines que se presentaban en el Calvario y ahora esta velar\u00eda era un sue\u00f1o de todos los que se presentaban y de los asistentes.<\/p>\n\n\n\n<p>Menciona que es un espacio que servir\u00e1 hasta para otros eventos como la entrega de cartas, festivales y no cerrar calle, ahora que esta techado, ya no habr\u00e1 problema en el tema de lluvia y el sol; estar\u00e1 cubierto.<\/p>\n\n\n\n<p>Un espacio m\u00e1s para las familias duranguenses y se hizo con una arquitectura que permite en octubre se vea la luna y tendr\u00e1 mejor visibilidad de espectadores y no lastima el sol, \u201cemocionalmente para m\u00ed significa mucho y s\u00e9 que para mucha gente significan las callejoneadas, ya que hay gente que no tiene recurso econ\u00f3mico para alg\u00fan otro espect\u00e1culo, a divertirse un rato, distraerse de los temas cotidianos y creo que este es un espacio donde se divertir\u00e1n los domingos de manera gratuita\u201d.<\/p>\n\n\n\n<p>El espacio estar\u00e1 en abril, en un mes.<\/p>\n\n\n\n<p>La velaria, junto con la estructura met\u00e1lica, representa un avance del 70 por ciento, se realizar\u00e1n tres reparaciones en gradas, como sistema de iluminaci\u00f3n, camerinos, se invierten alrededor de 17 millones de pesos y en un mes se planea est\u00e9 concluida, se trabaja de manera \u00e1gil y conforme al contrato establecido.<\/p>\n","protected":false},"excerpt":{"rendered":"<p>\u201cAndamos haciendo un recorrido en esta obra, echamos a andar el Telef\u00e9rico y ahorita venimos a supervisar esta obra, la verdad, yo bien contento, Lauro tambi\u00e9n por todo lo que significa este espacio de gente que creci\u00f3 con la callejoneada que era lo \u00fanico que hab\u00eda en aquel tiempo, nosotros llegamos en el 96\u00b4, no [&hellip;]<\/p>\n","protected":false},"author":1,"featured_media":2738,"comment_status":"open","ping_status":"open","sticky":false,"template":"","format":"standard","meta":{"_monsterinsights_skip_tracking":false,"_monsterinsights_sitenote_active":false,"_monsterinsights_sitenote_note":"","_monsterinsights_sitenote_category":0,"footnotes":""},"categories":[1],"tags":[],"_links":{"self":[{"href":"https:\/\/zonalimitrofe-cbnr.com\/index.php\/wp-json\/wp\/v2\/posts\/2737"}],"collection":[{"href":"https:\/\/zonalimitrofe-cbnr.com\/index.php\/wp-json\/wp\/v2\/posts"}],"about":[{"href":"https:\/\/zonalimitrofe-cbnr.com\/index.php\/wp-json\/wp\/v2\/types\/post"}],"author":[{"embeddable":true,"href":"https:\/\/zonalimitrofe-cbnr.com\/index.php\/wp-json\/wp\/v2\/users\/1"}],"replies":[{"embeddable":true,"href":"https:\/\/zonalimitrofe-cbnr.com\/index.php\/wp-json\/wp\/v2\/comments?post=2737"}],"version-history":[{"count":1,"href":"https:\/\/zonalimitrofe-cbnr.com\/index.php\/wp-json\/wp\/v2\/posts\/2737\/revisions"}],"predecessor-version":[{"id":2739,"href":"https:\/\/zonalimitrofe-cbnr.com\/index.php\/wp-json\/wp\/v2\/posts\/2737\/revisions\/2739"}],"wp:featuredmedia":[{"embeddable":true,"href":"https:\/\/zonalimitrofe-cbnr.com\/index.php\/wp-json\/wp\/v2\/media\/2738"}],"wp:attachment":[{"href":"https:\/\/zonalimitrofe-cbnr.com\/index.php\/wp-json\/wp\/v2\/media?parent=2737"}],"wp:term":[{"taxonomy":"category","embeddable":true,"href":"https:\/\/zonalimitrofe-cbnr.com\/index.php\/wp-json\/wp\/v2\/categories?post=2737"},{"taxonomy":"post_tag","embeddable":true,"href":"https:\/\/zonalimitrofe-cbnr.com\/index.php\/wp-json\/wp\/v2\/tags?post=2737"}],"curies":[{"name":"wp","href":"https:\/\/api.w.org\/{rel}","templated":true}]}}