{"id":27366,"date":"2025-11-20T20:17:10","date_gmt":"2025-11-21T02:17:10","guid":{"rendered":"https:\/\/zonalimitrofe-cbnr.com\/?p=27366"},"modified":"2025-11-20T20:17:10","modified_gmt":"2025-11-21T02:17:10","slug":"gp-pedro-salmeron-reconoce-a-betzabe-martinez-por-impulsar-el-orgullo-de-los-gomezpalatinos","status":"publish","type":"post","link":"https:\/\/zonalimitrofe-cbnr.com\/index.php\/2025\/11\/20\/gp-pedro-salmeron-reconoce-a-betzabe-martinez-por-impulsar-el-orgullo-de-los-gomezpalatinos\/","title":{"rendered":"#GP. Pedro Salmer\u00f3n reconoce a Betzab\u00e9 Mart\u00ednez por impulsar el orgullo de los gomezpalatinos*"},"content":{"rendered":"\n<p>*Cientos de personas acudieron a la presentaci\u00f3n del libro \u201cPancho Villa\u201d, en Casa Faya, desde hoy Centro de las Artes G\u00f3mez Palacio<\/p>\n\n\n\n<p>Como historiador del movimiento revolucionario, el escritor Pedro Salmer\u00f3n, autor del libro \u201cPancho Villa\u201d, obra literaria que present\u00f3 hoy en el naciente Centro de las Artes G\u00f3mez Palacio, destac\u00f3 la esencia de este municipio, de sus hombres y del pueblo: \u201cG\u00f3mez Palacio es una ciudad que nace con coraz\u00f3n, con alma obrera. Que no se nos olvide que el trabajo es su origen; que la regi\u00f3n fundamentalmente est\u00e1 asociada con las labores del campo\u201d.<\/p>\n\n\n\n<p>En el marco del Festival de la Revoluci\u00f3n y en esta fecha, particularmente significativa, el escritor destac\u00f3 que el encuentro con cientos de personas de las m\u00e1s diversas actividades y modos de pensar: escritores, maestros, artistas, periodistas, activistas sociales y funcionarios del gobierno municipal se haya verificado en la Casa Faya, por impulso de la alcaldesa Betzab\u00e9 Mart\u00ednez \u201cporque el trabajo que est\u00e1 haciendo de rescate cultural tambi\u00e9n incide en la econom\u00eda, y vamos a insertar a G\u00f3mez Palacio en un circuito tur\u00edstico de La Laguna que va a empezar a revivir esta parte, la parte de la cultura; este asunto de la Casa Faya convertida en Centro de las Artes.\u201d, recalc\u00f3 Pedro Salmer\u00f3n.<\/p>\n\n\n\n<p>\u201cLes vamos a dar sorpresas, no se podr\u00eda hacer sin la alcaldesa Betzab\u00e9, entonces estamos contentos de que haya llegado ella a la Presidencia Municipal\u201d, apunt\u00f3 el reconocido escritor.<\/p>\n\n\n\n<p>Con estas palabras, el autor de una larga serie de libros resultantes de su investigaci\u00f3n sobre el primer gran movimiento social en el mundo durante el Siglo XX, estableci\u00f3 la importancia de G\u00f3mez Palacio en este hecho hist\u00f3rico, adem\u00e1s de reconocer la trascendencia de que Betzab\u00e9 Mart\u00ednez retome este orgullo de los gomezpalatinos por habitar la Cuna de la Revoluci\u00f3n y las acciones emprendidas como el impulso a la realizaci\u00f3n del Festival de la Revoluci\u00f3n y abrir al servicio del pueblo un recinto como Casa Faya, para impulsar las artes.<\/p>\n\n\n\n<p>Bajo la organizaci\u00f3n de la Direcci\u00f3n Municipal de Arte y Cultura, a cargo de Felipe del R\u00edo, se llev\u00f3 a efecto una presentaci\u00f3n en la que Carlos Casta\u00f1\u00f3n Cuadros, llam\u00f3 la atenci\u00f3n sobre lo significativo de que se presente el libro \u201cPacho Villa\u201d, en esta ic\u00f3nica finca en una ciudad donde se vivieron las batallas m\u00e1s cruentas por la Laguna.<\/p>\n\n\n\n<p>En este tenor es que Pedro Salmer\u00f3n sustent\u00f3 una charla que retrat\u00f3 de manera detallada las facetas de la vida de Pancho Villa, un ni\u00f1o que estaba destinado a trabajar con una yunta y que a pura voluntad se convirti\u00f3 en General de la Divisi\u00f3n del Norte y ha sido reconocido, lo mismo como estratega militar y visionario, como tambi\u00e9n denostado, por algunos, como un hombre violento, carente de ideas y bandolero.<\/p>\n\n\n\n<p>Lo que destaca de esta pl\u00e1tica es el hecho de que tanto Pedro Salmer\u00f3n, como Mart\u00edn Villa, nieto del General, ponderaron el factor popular que marc\u00f3 la Revoluci\u00f3n Mexicana encabezada por Pancho Villa en el norte del pa\u00eds, as\u00ed como el legado del Centauro del Norte y su ejemplo a\u00fan vigente en lo que toca a reaccionar con valent\u00eda ante las causas sociales y el reclamo de justicia del pueblo, derecho al trabajo y a la educaci\u00f3n.<\/p>\n","protected":false},"excerpt":{"rendered":"<p>*Cientos de personas acudieron a la presentaci\u00f3n del libro \u201cPancho Villa\u201d, en Casa Faya, desde hoy Centro de las Artes G\u00f3mez Palacio Como historiador del movimiento revolucionario, el escritor Pedro Salmer\u00f3n, autor del libro \u201cPancho Villa\u201d, obra literaria que present\u00f3 hoy en el naciente Centro de las Artes G\u00f3mez Palacio, destac\u00f3 la esencia de este [&hellip;]<\/p>\n","protected":false},"author":1,"featured_media":27367,"comment_status":"open","ping_status":"open","sticky":false,"template":"","format":"standard","meta":{"_monsterinsights_skip_tracking":false,"_monsterinsights_sitenote_active":false,"_monsterinsights_sitenote_note":"","_monsterinsights_sitenote_category":0,"footnotes":""},"categories":[1],"tags":[],"_links":{"self":[{"href":"https:\/\/zonalimitrofe-cbnr.com\/index.php\/wp-json\/wp\/v2\/posts\/27366"}],"collection":[{"href":"https:\/\/zonalimitrofe-cbnr.com\/index.php\/wp-json\/wp\/v2\/posts"}],"about":[{"href":"https:\/\/zonalimitrofe-cbnr.com\/index.php\/wp-json\/wp\/v2\/types\/post"}],"author":[{"embeddable":true,"href":"https:\/\/zonalimitrofe-cbnr.com\/index.php\/wp-json\/wp\/v2\/users\/1"}],"replies":[{"embeddable":true,"href":"https:\/\/zonalimitrofe-cbnr.com\/index.php\/wp-json\/wp\/v2\/comments?post=27366"}],"version-history":[{"count":1,"href":"https:\/\/zonalimitrofe-cbnr.com\/index.php\/wp-json\/wp\/v2\/posts\/27366\/revisions"}],"predecessor-version":[{"id":27368,"href":"https:\/\/zonalimitrofe-cbnr.com\/index.php\/wp-json\/wp\/v2\/posts\/27366\/revisions\/27368"}],"wp:featuredmedia":[{"embeddable":true,"href":"https:\/\/zonalimitrofe-cbnr.com\/index.php\/wp-json\/wp\/v2\/media\/27367"}],"wp:attachment":[{"href":"https:\/\/zonalimitrofe-cbnr.com\/index.php\/wp-json\/wp\/v2\/media?parent=27366"}],"wp:term":[{"taxonomy":"category","embeddable":true,"href":"https:\/\/zonalimitrofe-cbnr.com\/index.php\/wp-json\/wp\/v2\/categories?post=27366"},{"taxonomy":"post_tag","embeddable":true,"href":"https:\/\/zonalimitrofe-cbnr.com\/index.php\/wp-json\/wp\/v2\/tags?post=27366"}],"curies":[{"name":"wp","href":"https:\/\/api.w.org\/{rel}","templated":true}]}}