{"id":27342,"date":"2025-11-19T22:01:03","date_gmt":"2025-11-20T04:01:03","guid":{"rendered":"https:\/\/zonalimitrofe-cbnr.com\/?p=27342"},"modified":"2025-11-19T22:01:03","modified_gmt":"2025-11-20T04:01:03","slug":"congresocoahuila-se-llevo-a-cabo-la-decima-segunda-sesion-del-segundo-periodo-ordinario-de-sesiones-2","status":"publish","type":"post","link":"https:\/\/zonalimitrofe-cbnr.com\/index.php\/2025\/11\/19\/congresocoahuila-se-llevo-a-cabo-la-decima-segunda-sesion-del-segundo-periodo-ordinario-de-sesiones-2\/","title":{"rendered":"#CongresoCoahuila. Se llev\u00f3 a cabo la D\u00e9cima Segunda Sesi\u00f3n del Segundo Periodo Ordinario de Sesiones."},"content":{"rendered":"\n<p><strong>Saltillo, Coahuila de Zaragoza, a 20 de noviembre de 2025.-<\/strong> La Sexag\u00e9sima Tercera Legislatura del Congreso del Estado de Coahuila de Zaragoza, llev\u00f3 a cabo el d\u00eda de hoy la D\u00e9cima Segunda Sesi\u00f3n del Segundo Periodo Ordinario de Sesiones, correspondiente al Segundo a\u00f1o de Ejercicio Constitucional, al inicio de la cual las Diputadas y los Diputados, guardaron un minuto de silencio en memoria del C. Jorge Alberto Leyva Garc\u00eda, quien fuera Regidor del Ayuntamiento de Saltillo. En esta Sesi\u00f3n, las Diputadas y los Diputados, hicieron un reconocimiento al Profesor Javier Mendoza Jaramillo, por sus 50 a\u00f1os de trayectoria como caricaturista pol\u00edtico, cuyo talento y visi\u00f3n cr\u00edtica han enriquecido la vida p\u00fablica y el Periodismo en Coahuila. En el marco de este reconocimiento, la Diputada Luz Elena Morales N\u00fa\u00f1ez hizo un pronunciamiento en los t\u00e9rminos siguientes: \u201cA nombre de mis compa\u00f1eras y compa\u00f1eros diputados de esta Sexag\u00e9sima Tercera Legislatura, es un gusto y un honor compartir con ustedes el presente pronunciamiento con motivo de reconocer y celebrar, los 50 a\u00f1os de trayectoria del maestro, periodista y caricaturista pol\u00edtico: Jos\u00e9 Javier Mendoza Jaramillo, conocido, con mucho respeto y admiraci\u00f3n, como el \u201cProfe Mendoza\u201d, a quien damos la bienvenida a este evento en compa\u00f1\u00eda de su familia y amigos, su esposa, Norma Delia Arce y sus hijos, Javier Alejandro, Aldo y Alain, con un fuerte y c\u00e1lido aplauso\u201d. A\u00f1adi\u00f3, que su trayectoria y trabajo, son un fiel testigo de la historia contempor\u00e1nea de Coahuila, en la que el Profe Mendoza ha retratado los momentos clave de nuestra vida pol\u00edtica y ha puesto siempre muy en alto el talento coahuilense. La Diputada Morales N\u00fa\u00f1ez subray\u00f3: \u201cEsta Sexag\u00e9sima Tercera Legislatura reafirma su compromiso con la libertad de expresi\u00f3n, con los medios de comunicaci\u00f3n y con la protecci\u00f3n del ejercicio period\u00edstico libre que ejerce su labor con pleno respeto a sus derechos\u201d. Mencion\u00f3 que Javier Mendoza es Profesor de Educaci\u00f3n Primaria, titulado por la Benem\u00e9rita Escuela Normal de Coahuila en 1976 y licenciado en Educaci\u00f3n Media en la especialidad de F\u00edsica y Matem\u00e1ticas, por la Escuela Normal Superior del Estado de Coahuila en 1981. Inici\u00f3 su labor period\u00edstica en 1975 y de manera interrumpida, hasta la fecha ha colaborado en diferentes medios de comunicaci\u00f3n de nuestro estado, tales como: Peri\u00f3dico \u201cVanguardia\u201d, en la columna \u201cPolitic\u00f3n\u201d, antes \u201cPolka Polaca\u201d, RCG, en el peri\u00f3dico \u201cEl Guardi\u00e1n\u201d, en la columna \u201cPalacio Rosa\u201d del peri\u00f3dico \u201cZ\u00f3calo\u201d as\u00ed como en el noticiero \u201cINFO7\u201d de TV Azteca Coahuila. Es autor de los libros: \u201cTres d\u00e9cadas de caricatura pol\u00edtica por Mendoza\u201d, publicado en mayo de 2005, por el gobierno municipal de Saltillo y \u201cTrazos pol\u00edticos de Mendoza\u201d, publicado en 2018, as\u00ed como la colecci\u00f3n de caricaturas: \u201cPersonas de las Ligas Mayores\u201d, dedicada a los adultos mayores, presentada en septiembre de 2011. Acto Seguido, la Diputada Morales N\u00fa\u00f1ez, Presidenta de la Junta de Gobierno, hizo entrega de una placa de reconocimiento al Profesor Mendoza Jaramillo, suscrita por todas las Diputadas y todos los Diputados.<\/p>\n\n\n\n<p>Por otra parte, Diputadas y Diputados plantearon las siguientes iniciativas:<\/p>\n\n\n\n<p>1.- Iniciativa con Proyecto de Decreto para que se adicione una fracci\u00f3n XI al art\u00edculo 4, as\u00ed como una fracci\u00f3n XII al art\u00edculo 21, de la Ley de Protecci\u00f3n a la Maternidad en el Estado.<\/p>\n\n\n\n<p>2.- Iniciativa con Proyecto de Decreto que plantea se modifique el contenido de la fracci\u00f3n IV del art\u00edculo 236 del C\u00f3digo Penal de Coahuila de Zaragoza.<\/p>\n\n\n\n<p>3.- Iniciativa con Proyecto de Decreto para que se adicione una fracci\u00f3n XV al art\u00edculo 2, de la Ley de Planeaci\u00f3n para el Desarrollo del Estado.<\/p>\n\n\n\n<p>4.- Iniciativa con Proyecto de Decreto que plantea se adicione un cap\u00edtulo a la Ley para el Impulso Emprendedor del Estado.<\/p>\n\n\n\n<p>5.- Iniciativa con Proyecto de Decreto para que se reforme la fracci\u00f3n IV del art\u00edculo 10, de la Ley para la Emisi\u00f3n y Seguimiento de las Medidas de Protecci\u00f3n para Mujeres en Situaci\u00f3n de Violencia del Estado.<\/p>\n\n\n\n<p>6.- Iniciativa con Proyecto de Decreto para que se reforme la fracci\u00f3n VI del art\u00edculo 19, de la Ley para el Desarrollo Integral de la Juventud del Estado.<\/p>\n\n\n\n<p>7.- Iniciativa con Proyecto de Decreto que plantea se adicione un segundo y tercer p\u00e1rrafos, recorriendo el subsecuente, a la fracci\u00f3n I del art\u00edculo 56 de la Ley Estatal de Salud.<\/p>\n\n\n\n<p>8.- Iniciativa con Proyecto de Decreto para que se reforme la fracci\u00f3n IV del art\u00edculo 8, de la Ley de Acceso de las Mujeres a una Vida Libre de Violencia para el Estado.<\/p>\n\n\n\n<p>Por otra parte, en esta D\u00e9cima Segunda Sesi\u00f3n, las Diputadas y los Diputados aprobaron por unanimidad de votos, los siguientes dict\u00e1menes:<\/p>\n\n\n\n<p>1.- Dictamen de la Comisi\u00f3n de Educaci\u00f3n, Cultura, Familias, Desarrollo Humano y Actividades C\u00edvicas con Proyecto de Decreto por el que se declara el 21 de septiembre, como \u201cD\u00eda Estatal de la Persona Facilitadora en Mediaci\u00f3n\u201d.<\/p>\n\n\n\n<p>2.- Dictamen de la Comisi\u00f3n de Medio Ambiente y Recursos Naturales con Proyecto de Decreto por el que se adiciona un inciso d) a la fracci\u00f3n VI del art\u00edculo 8, de la Ley de Equilibrio Ecol\u00f3gico y la Protecci\u00f3n al Ambiente del Estado de Coahuila de Zaragoza, para quedar como sigue:<\/p>\n\n\n\n<p>Promover, de manera general, acciones orientadas a la econom\u00eda circular, fomentando el dise\u00f1o, producci\u00f3n, uso, recuperaci\u00f3n, reciclaje y reincorporaci\u00f3n de materiales y productos al ciclo productivo, con el fin de minimizar la generaci\u00f3n de residuos y optimizar el aprovechamiento de los recursos naturales.<\/p>\n\n\n\n<p>3.- Dictamen con Punto de Acuerdo de la Comisi\u00f3n de Desarrollo Social con objeto de hacer un atento exhorto a la Comisi\u00f3n Nacional de Vivienda (CONAVI), para que en base a sus facultades y atribuciones, genere tanto planes y estrategias, as\u00ed como acciones y modernizaciones t\u00e9cnicas que garanticen el acceso de las personas j\u00f3venes trabajadoras dentro de la pol\u00edtica nacional de vivienda. Lo anterior a fin de contemplar sus necesidades y condiciones, durante el proceso de adquisici\u00f3n o construcci\u00f3n de vivienda.<\/p>\n\n\n\n<p>En esta D\u00e9cima Segunda Sesi\u00f3n, Diputadas y Diputados plantearon 13 Proposiciones con Punto de Acuerdo, de las cuales, luego de ser consideradas como de urgente y obvia resoluci\u00f3n, se aprobaron, por unanimidad de votos, las siguientes:<\/p>\n\n\n\n<p>1.- Proposici\u00f3n con Punto de Acuerdo para exhortar respetuosamente a los 38 Ayuntamientos del Estado a reforzar los programas y acciones de prevenci\u00f3n de incendios en los hogares, durante la temporada invernal.<\/p>\n\n\n\n<p>2.- Proposici\u00f3n con Punto de Acuerdo para exhortar respetuosamente al Titular del Instituto de Seguridad y Servicios Sociales de los Trabajadores del Estado, a fin de hacerle un llamado, para que en el \u00e1mbito de sus atribuciones, lleve a cabo las acciones correspondientes para que en la cl\u00ednica de medicina familiar de Ciudad Acu\u00f1a, se cubran las especialidades m\u00e9dicas y se asigne el personal necesario para operar los equipos con los que cuenta actualmente; se desarrolle una estrategia para resolver el desabasto de medicamentos; se garantice un trato profesional y digno para todas las personas derechohabientes.<\/p>\n\n\n\n<p>3.- Proposici\u00f3n con Punto de Acuerdo para exhortar respetuosamente a diversas Autoridades en materia de econom\u00eda y protecci\u00f3n al consumidor de los tres \u00d3rdenes de Gobierno, a realizar las acciones pertinentes para la defensa de la econom\u00eda familiar ante los incrementos injustificados en productos de la canasta b\u00e1sica en Coahuila.<\/p>\n\n\n\n<p>4.- Proposici\u00f3n con Punto de Acuerdo para exhortar respetuosamente a la Secretar\u00eda de Salud del Estado y a la Comisi\u00f3n Federal para la Protecci\u00f3n Contra Riesgos Sanitarios en Coahuila (COFEPRIS Coahuila), para que en el \u00e1mbito de su competencia, refuercen la supervisi\u00f3n sanitaria, los procesos de certificaci\u00f3n y el estricto cumplimiento de las normas aplicables en los procedimientos m\u00e9dicos y quir\u00fargicos especializados realizados en el estado, con el fin de garantizar la vida, condiciones seguras, \u00e9ticas y profesionales para los pacientes.<\/p>\n\n\n\n<p>5.- Proposici\u00f3n con Punto de Acuerdo con objeto de exhortar respetuosamente a la Secretar\u00eda de Salud del Estado y a la Jurisdicci\u00f3n Sanitaria N\u00famero 7, a reactivar y fortalecer los centros de salud rurales del municipio de San Pedro; as\u00ed como para exhortar al IMSS para que haga lo propio en sus unidades m\u00e9dicas rurales.<\/p>\n\n\n\n<p>6.- Proposici\u00f3n con Punto de Acuerdo con objeto de exhortar al Director General del IMSS, para que con independencia de los derechos de los afectados para defenderse y reclamar en las v\u00edas correspondientes lo que corresponda, se investigue el caso de los pacientes de cirug\u00eda de cataratas, de la Cl\u00ednica 7 del IMSS en Monclova, Coahuila, y se proceda a deslindar las responsabilidades a que haya lugar.<\/p>\n\n\n\n<p>7.- Proposici\u00f3n con Punto de Acuerdo para exhortar respetuosamente al Instituto Mexicano del Seguro Social (IMSS), a reforzar las acciones de inspecci\u00f3n y vigilancia en el cumplimiento de los protocolos de atenci\u00f3n m\u00e9dica ambulatoria especializada y traslados hospitalarios en todas las cl\u00ednicas y hospitales de Coahuila, garantizando que las y los derechohabientes reciban un servicio digno, oportuno y conforme a la normativa aplicable.<\/p>\n\n\n\n<p>8.- Proposici\u00f3n con Punto de Acuerdo con la finalidad de enviar un atento exhorto a los 38 Municipios del Estado, para que a trav\u00e9s de sus direcciones o \u00e1reas de protecci\u00f3n civil, realicen, o en su caso, refuercen y fortalezcan, las supervisiones infraestructurales e inspecciones de salidas de emergencia y equipo de protecci\u00f3n contra siniestros, dentro de establecimientos comerciales, sociales y de esparcimiento.<\/p>\n","protected":false},"excerpt":{"rendered":"<p>Saltillo, Coahuila de Zaragoza, a 20 de noviembre de 2025.- La Sexag\u00e9sima Tercera Legislatura del Congreso del Estado de Coahuila de Zaragoza, llev\u00f3 a cabo el d\u00eda de hoy la D\u00e9cima Segunda Sesi\u00f3n del Segundo Periodo Ordinario de Sesiones, correspondiente al Segundo a\u00f1o de Ejercicio Constitucional, al inicio de la cual las Diputadas y los [&hellip;]<\/p>\n","protected":false},"author":1,"featured_media":27343,"comment_status":"open","ping_status":"open","sticky":false,"template":"","format":"standard","meta":{"_monsterinsights_skip_tracking":false,"_monsterinsights_sitenote_active":false,"_monsterinsights_sitenote_note":"","_monsterinsights_sitenote_category":0,"footnotes":""},"categories":[1],"tags":[],"_links":{"self":[{"href":"https:\/\/zonalimitrofe-cbnr.com\/index.php\/wp-json\/wp\/v2\/posts\/27342"}],"collection":[{"href":"https:\/\/zonalimitrofe-cbnr.com\/index.php\/wp-json\/wp\/v2\/posts"}],"about":[{"href":"https:\/\/zonalimitrofe-cbnr.com\/index.php\/wp-json\/wp\/v2\/types\/post"}],"author":[{"embeddable":true,"href":"https:\/\/zonalimitrofe-cbnr.com\/index.php\/wp-json\/wp\/v2\/users\/1"}],"replies":[{"embeddable":true,"href":"https:\/\/zonalimitrofe-cbnr.com\/index.php\/wp-json\/wp\/v2\/comments?post=27342"}],"version-history":[{"count":1,"href":"https:\/\/zonalimitrofe-cbnr.com\/index.php\/wp-json\/wp\/v2\/posts\/27342\/revisions"}],"predecessor-version":[{"id":27344,"href":"https:\/\/zonalimitrofe-cbnr.com\/index.php\/wp-json\/wp\/v2\/posts\/27342\/revisions\/27344"}],"wp:featuredmedia":[{"embeddable":true,"href":"https:\/\/zonalimitrofe-cbnr.com\/index.php\/wp-json\/wp\/v2\/media\/27343"}],"wp:attachment":[{"href":"https:\/\/zonalimitrofe-cbnr.com\/index.php\/wp-json\/wp\/v2\/media?parent=27342"}],"wp:term":[{"taxonomy":"category","embeddable":true,"href":"https:\/\/zonalimitrofe-cbnr.com\/index.php\/wp-json\/wp\/v2\/categories?post=27342"},{"taxonomy":"post_tag","embeddable":true,"href":"https:\/\/zonalimitrofe-cbnr.com\/index.php\/wp-json\/wp\/v2\/tags?post=27342"}],"curies":[{"name":"wp","href":"https:\/\/api.w.org\/{rel}","templated":true}]}}