{"id":27336,"date":"2025-11-19T21:41:23","date_gmt":"2025-11-20T03:41:23","guid":{"rendered":"https:\/\/zonalimitrofe-cbnr.com\/?p=27336"},"modified":"2025-11-19T21:41:23","modified_gmt":"2025-11-20T03:41:23","slug":"durango-sera-sede-de-la-copa-nacional-de-baloncesto-general-francisco-villa-con-mas-de-mil-jugadores-del-pais","status":"publish","type":"post","link":"https:\/\/zonalimitrofe-cbnr.com\/index.php\/2025\/11\/19\/durango-sera-sede-de-la-copa-nacional-de-baloncesto-general-francisco-villa-con-mas-de-mil-jugadores-del-pais\/","title":{"rendered":"Durango ser\u00e1 sede de la Copa Nacional de Baloncesto \u201cGeneral Francisco Villa\u201d con m\u00e1s de mil jugadores del pa\u00eds*"},"content":{"rendered":"\n<p>* _El torneo forma parte de la Estrategia Nacional de Turismo Deportivo y reunir\u00e1 a figuras emblem\u00e1ticas del baloncesto mexicano._<\/p>\n\n\n\n<p>* _Durango refuerza su liderazgo en turismo deportivo con actividades formativas gratuitas para ni\u00f1as, ni\u00f1os y j\u00f3venes._<\/p>\n\n\n\n<p>Durango ser\u00e1 sede de la Copa Nacional de Baloncesto \u201cGeneral Francisco Villa\u201d, del 20 al 23 de noviembre de 2025, un evento que reunir\u00e1 a m\u00e1s de mil jugadores de distintos estados del pa\u00eds y que consolida a la capital como un referente nacional del turismo deportivo.<\/p>\n\n\n\n<p>La competencia forma parte de la Estrategia Nacional de Turismo Deportivo impulsada por la Secretar\u00eda de Turismo del Gobierno de M\u00e9xico, encabezada por Josefina Rodr\u00edguez Zamora, cuya aplicaci\u00f3n en el estado recae en la Secretar\u00eda de Turismo del Estado de Durango (SETUED) y el Instituto Estatal del Deporte (IED), en coordinaci\u00f3n con la Federaci\u00f3n Mexicana de Baloncesto, FOBAED y el Consejo Mexicano de Turismo Deportivo.<\/p>\n\n\n\n<p>Como parte de esta coordinaci\u00f3n interinstitucional, la Secretar\u00eda de Turismo del Estado ha brindado informaci\u00f3n y facilidades para la recepci\u00f3n de equipos provenientes de otras entidades, mientras que el Instituto Estatal del Deporte ha fortalecido acciones de infraestructura, seguridad, protecci\u00f3n civil e hidrataci\u00f3n para garantizar un entorno seguro y ordenado. Esta suma de esfuerzos permitir\u00e1 ofrecer una experiencia de alta calidad tanto a atletas como entrenadores, familias y visitantes.<\/p>\n\n\n\n<p>La Copa Nacional \u201cGeneral Francisco Villa\u201d contar\u00e1 con la participaci\u00f3n de figuras emblem\u00e1ticas del baloncesto mexicano que enriquecer\u00e1n el programa deportivo y formativo con actividades gratuitas dirigidas a ni\u00f1os y j\u00f3venes duranguenses. Horacio Llamas Grey, primer mexicano en jugar en la NBA, impartir\u00e1 una cl\u00ednica sobre fundamentos t\u00e9cnicos y liderazgo; V\u00edctor Manuel \u00c1vila Haro, exseleccionado nacional, encabezar\u00e1 el conversatorio \u201cHistorias de Vida: M\u00e1s all\u00e1 de las canchas\u201d; y \u00d3scar Arturo \u201cDiablo\u201d Castellanos impartir\u00e1 sesiones pr\u00e1cticas enfocadas en t\u00e9cnica defensiva, fundamentos individuales y trabajo en equipo.<\/p>\n\n\n\n<p>Las actividades del torneo se desarrollar\u00e1n en diferentes sedes, entre ellas el Auditorio del Pueblo, el Instituto Tecnol\u00f3gico de Durango, el Polideportivo y el Gimnasio Alejandro Cand\u00f3n Guzm\u00e1n, adem\u00e1s de espacios educativos y deportivos de la ciudad. El programa contempla conversatorios, cl\u00ednicas especializadas, juegos clasificatorios, semifinales y finales, con una inauguraci\u00f3n oficial el viernes 21 de noviembre en el Auditorio del Pueblo.<\/p>\n\n\n\n<p>Con el respaldo de las instituciones convocantes y el acompa\u00f1amiento del Gobierno del Estado a trav\u00e9s del Instituto Estatal del Deporte, Durango reafirma su compromiso con el impulso al turismo deportivo, la formaci\u00f3n de nuevas generaciones y la promoci\u00f3n de eventos que fortalecen la identidad, el bienestar social y la proyecci\u00f3n nacional del estado.<\/p>\n","protected":false},"excerpt":{"rendered":"<p>* _El torneo forma parte de la Estrategia Nacional de Turismo Deportivo y reunir\u00e1 a figuras emblem\u00e1ticas del baloncesto mexicano._ * _Durango refuerza su liderazgo en turismo deportivo con actividades formativas gratuitas para ni\u00f1as, ni\u00f1os y j\u00f3venes._ Durango ser\u00e1 sede de la Copa Nacional de Baloncesto \u201cGeneral Francisco Villa\u201d, del 20 al 23 de noviembre [&hellip;]<\/p>\n","protected":false},"author":1,"featured_media":27337,"comment_status":"open","ping_status":"open","sticky":false,"template":"","format":"standard","meta":{"_monsterinsights_skip_tracking":false,"_monsterinsights_sitenote_active":false,"_monsterinsights_sitenote_note":"","_monsterinsights_sitenote_category":0,"footnotes":""},"categories":[1],"tags":[],"_links":{"self":[{"href":"https:\/\/zonalimitrofe-cbnr.com\/index.php\/wp-json\/wp\/v2\/posts\/27336"}],"collection":[{"href":"https:\/\/zonalimitrofe-cbnr.com\/index.php\/wp-json\/wp\/v2\/posts"}],"about":[{"href":"https:\/\/zonalimitrofe-cbnr.com\/index.php\/wp-json\/wp\/v2\/types\/post"}],"author":[{"embeddable":true,"href":"https:\/\/zonalimitrofe-cbnr.com\/index.php\/wp-json\/wp\/v2\/users\/1"}],"replies":[{"embeddable":true,"href":"https:\/\/zonalimitrofe-cbnr.com\/index.php\/wp-json\/wp\/v2\/comments?post=27336"}],"version-history":[{"count":1,"href":"https:\/\/zonalimitrofe-cbnr.com\/index.php\/wp-json\/wp\/v2\/posts\/27336\/revisions"}],"predecessor-version":[{"id":27338,"href":"https:\/\/zonalimitrofe-cbnr.com\/index.php\/wp-json\/wp\/v2\/posts\/27336\/revisions\/27338"}],"wp:featuredmedia":[{"embeddable":true,"href":"https:\/\/zonalimitrofe-cbnr.com\/index.php\/wp-json\/wp\/v2\/media\/27337"}],"wp:attachment":[{"href":"https:\/\/zonalimitrofe-cbnr.com\/index.php\/wp-json\/wp\/v2\/media?parent=27336"}],"wp:term":[{"taxonomy":"category","embeddable":true,"href":"https:\/\/zonalimitrofe-cbnr.com\/index.php\/wp-json\/wp\/v2\/categories?post=27336"},{"taxonomy":"post_tag","embeddable":true,"href":"https:\/\/zonalimitrofe-cbnr.com\/index.php\/wp-json\/wp\/v2\/tags?post=27336"}],"curies":[{"name":"wp","href":"https:\/\/api.w.org\/{rel}","templated":true}]}}