{"id":27312,"date":"2025-11-19T12:58:36","date_gmt":"2025-11-19T18:58:36","guid":{"rendered":"https:\/\/zonalimitrofe-cbnr.com\/?p=27312"},"modified":"2025-11-19T12:58:36","modified_gmt":"2025-11-19T18:58:36","slug":"torreon-avanza-la-iluminacion-navidena-en-torreon-con-la-instalacion-de-las-cascadas-de-luz-en-calzada-colon","status":"publish","type":"post","link":"https:\/\/zonalimitrofe-cbnr.com\/index.php\/2025\/11\/19\/torreon-avanza-la-iluminacion-navidena-en-torreon-con-la-instalacion-de-las-cascadas-de-luz-en-calzada-colon\/","title":{"rendered":"#Torre\u00f3n. Avanza la iluminaci\u00f3n navide\u00f1a en Torre\u00f3n con la instalaci\u00f3n de las cascadas de luz en calzada Col\u00f3n"},"content":{"rendered":"\n<p>Torre\u00f3n, Coahuila. A 19 de noviembre de 2025<\/p>\n\n\n\n<p>Luego de iniciar hace unas semanas con la decoraci\u00f3n navide\u00f1a en el bulevar Independencia, el proyecto de iluminaci\u00f3n contin\u00faa con la instalaci\u00f3n de las tradicionales series tipo cascada que adornan la calzada Col\u00f3n.<\/p>\n\n\n\n<p>Fernando Villarreal Cu\u00e9llar, titular de la Direcci\u00f3n General de Servicios P\u00fablicos, dio a conocer que se instalan aproximadamente 2 mil 600 metros de serie tipo cascada en ambos sentidos de la calzada, desde el bulevar Revoluci\u00f3n hasta el Independencia, esperando concluir esta semana.<\/p>\n\n\n\n<p>Estos trabajos est\u00e1n a cargo del equipo de Alumbrado P\u00fablico.<\/p>\n\n\n\n<p>El funcionario destac\u00f3 que esta \u00e1rea se ha consolidado como un punto de encuentro familiar y tur\u00edstico importante de la ciudad, sobre todo los domingos por las ma\u00f1anas donde se transforma en el \u201cPaseo Col\u00f3n\u201d, y se\u00f1al\u00f3 que la iluminaci\u00f3n en los camellones se mantiene de forma permanente durante todo el a\u00f1o, debido a la gran aceptaci\u00f3n de ciudadanos.<\/p>\n\n\n\n<p>\u201cSe espera dar inicio oficial a la temporada navide\u00f1a con el tradicional encendido del pino y de toda la iluminaci\u00f3n colocada\u201d, se\u00f1al\u00f3 el director.<\/p>\n\n\n\n<p>En este sentido, inform\u00f3 que esta semana inici\u00f3 la instalaci\u00f3n del pino de navidad en la explanada de la Plaza Mayor, as\u00ed como la decoraci\u00f3n en el espacio, lo que dar\u00e1 a\u00fan m\u00e1s realce al ambiente festivo.<\/p>\n\n\n\n<p>Finalmente, dio a conocer que las acciones forman parte de los objetivos de la Administraci\u00f3n Municipal encabezada por el alcalde Rom\u00e1n Alberto Cepeda Gonz\u00e1lez, dirigidas a ofrecer espacios p\u00fablicos dignos y embellecerlos para que las familias y turistas disfruten en un ambiente seguro y adornado especialmente para la temporada decembrina.<\/p>\n","protected":false},"excerpt":{"rendered":"<p>Torre\u00f3n, Coahuila. A 19 de noviembre de 2025 Luego de iniciar hace unas semanas con la decoraci\u00f3n navide\u00f1a en el bulevar Independencia, el proyecto de iluminaci\u00f3n contin\u00faa con la instalaci\u00f3n de las tradicionales series tipo cascada que adornan la calzada Col\u00f3n. Fernando Villarreal Cu\u00e9llar, titular de la Direcci\u00f3n General de Servicios P\u00fablicos, dio a conocer [&hellip;]<\/p>\n","protected":false},"author":1,"featured_media":27313,"comment_status":"open","ping_status":"open","sticky":false,"template":"","format":"standard","meta":{"_monsterinsights_skip_tracking":false,"_monsterinsights_sitenote_active":false,"_monsterinsights_sitenote_note":"","_monsterinsights_sitenote_category":0,"footnotes":""},"categories":[1],"tags":[],"_links":{"self":[{"href":"https:\/\/zonalimitrofe-cbnr.com\/index.php\/wp-json\/wp\/v2\/posts\/27312"}],"collection":[{"href":"https:\/\/zonalimitrofe-cbnr.com\/index.php\/wp-json\/wp\/v2\/posts"}],"about":[{"href":"https:\/\/zonalimitrofe-cbnr.com\/index.php\/wp-json\/wp\/v2\/types\/post"}],"author":[{"embeddable":true,"href":"https:\/\/zonalimitrofe-cbnr.com\/index.php\/wp-json\/wp\/v2\/users\/1"}],"replies":[{"embeddable":true,"href":"https:\/\/zonalimitrofe-cbnr.com\/index.php\/wp-json\/wp\/v2\/comments?post=27312"}],"version-history":[{"count":1,"href":"https:\/\/zonalimitrofe-cbnr.com\/index.php\/wp-json\/wp\/v2\/posts\/27312\/revisions"}],"predecessor-version":[{"id":27314,"href":"https:\/\/zonalimitrofe-cbnr.com\/index.php\/wp-json\/wp\/v2\/posts\/27312\/revisions\/27314"}],"wp:featuredmedia":[{"embeddable":true,"href":"https:\/\/zonalimitrofe-cbnr.com\/index.php\/wp-json\/wp\/v2\/media\/27313"}],"wp:attachment":[{"href":"https:\/\/zonalimitrofe-cbnr.com\/index.php\/wp-json\/wp\/v2\/media?parent=27312"}],"wp:term":[{"taxonomy":"category","embeddable":true,"href":"https:\/\/zonalimitrofe-cbnr.com\/index.php\/wp-json\/wp\/v2\/categories?post=27312"},{"taxonomy":"post_tag","embeddable":true,"href":"https:\/\/zonalimitrofe-cbnr.com\/index.php\/wp-json\/wp\/v2\/tags?post=27312"}],"curies":[{"name":"wp","href":"https:\/\/api.w.org\/{rel}","templated":true}]}}