{"id":27302,"date":"2025-11-19T12:17:59","date_gmt":"2025-11-19T18:17:59","guid":{"rendered":"https:\/\/zonalimitrofe-cbnr.com\/?p=27302"},"modified":"2025-11-19T12:17:59","modified_gmt":"2025-11-19T18:17:59","slug":"lerdo-arranca-programa-de-sensibilizacion-sobre-el-autismo-en-planteles-educativos","status":"publish","type":"post","link":"https:\/\/zonalimitrofe-cbnr.com\/index.php\/2025\/11\/19\/lerdo-arranca-programa-de-sensibilizacion-sobre-el-autismo-en-planteles-educativos\/","title":{"rendered":"#Lerdo. ARRANCA PROGRAMA DE SENSIBILIZACI\u00d3N SOBRE EL AUTISMO EN PLANTELES EDUCATIVOS"},"content":{"rendered":"\n<p>Lerdo, 19 de noviembre.\u2013 Este martes 18 de noviembre se llev\u00f3 a cabo el arranque de las pl\u00e1ticas sobre autismo y neurodivergencias en la Escuela Primaria M\u00e1rtires de Chicago, ubicada en la colonia 18 de Julio, turno vespertino, como parte del programa impulsado por el Instituto Municipal para el Desarrollo y la Inclusi\u00f3n de Personas con Discapacidad. Estas acciones se desarrollan siguiendo las instrucciones de la presidenta municipal, Susy Torrecillas Salazar, quien ha establecido la importancia de fortalecer la atenci\u00f3n y la sensibilizaci\u00f3n en materia de inclusi\u00f3n dentro de los planteles educativos.<\/p>\n\n\n\n<p>El evento inici\u00f3 a las 2:00 de la tarde con la presentaci\u00f3n del programa ante madres, padres de familia, personal docente y alumnado, quienes participaron en esta primera sesi\u00f3n informativa. Durante la ceremonia se destac\u00f3 la importancia de desarrollar estas actividades en las escuelas del municipio, con el fin de fortalecer la comprensi\u00f3n sobre el Trastorno del Espectro Autista y otras neurodivergencias.<\/p>\n\n\n\n<p>Como parte del programa, se dio inicio formal a las pl\u00e1ticas, alineadas con el eje \u201cLerdo incluyente, digno y transparente\u201d, con el prop\u00f3sito de fortalecer el compromiso institucional de impulsar espacios accesibles y formativos para la comunidad escolar.<\/p>\n\n\n\n<p>Posteriormente, comenz\u00f3 la primera charla a cargo del Instituto Municipal, la cual est\u00e1 centrada en sensibilizar sobre las caracter\u00edsticas del autismo, la importancia de la detecci\u00f3n temprana y la necesidad de brindar una atenci\u00f3n adecuada y de calidad.<\/p>\n\n\n\n<p>El objetivo general de estas acciones es mantener una comunicaci\u00f3n efectiva con las escuelas del municipio, ofreciendo asesor\u00edas, orientaciones, vinculaciones y canalizaciones con especialistas, adem\u00e1s de generar conciencia sobre el acompa\u00f1amiento necesario para ni\u00f1as, ni\u00f1os y adolescentes neurodivergentes.<\/p>\n\n\n\n<p>Con este inicio, se refuerza el compromiso de continuar impulsando actividades que fomenten una comunidad m\u00e1s informada, emp\u00e1tica e incluyente.<\/p>\n","protected":false},"excerpt":{"rendered":"<p>Lerdo, 19 de noviembre.\u2013 Este martes 18 de noviembre se llev\u00f3 a cabo el arranque de las pl\u00e1ticas sobre autismo y neurodivergencias en la Escuela Primaria M\u00e1rtires de Chicago, ubicada en la colonia 18 de Julio, turno vespertino, como parte del programa impulsado por el Instituto Municipal para el Desarrollo y la Inclusi\u00f3n de Personas [&hellip;]<\/p>\n","protected":false},"author":1,"featured_media":27303,"comment_status":"open","ping_status":"open","sticky":false,"template":"","format":"standard","meta":{"_monsterinsights_skip_tracking":false,"_monsterinsights_sitenote_active":false,"_monsterinsights_sitenote_note":"","_monsterinsights_sitenote_category":0,"footnotes":""},"categories":[1],"tags":[],"_links":{"self":[{"href":"https:\/\/zonalimitrofe-cbnr.com\/index.php\/wp-json\/wp\/v2\/posts\/27302"}],"collection":[{"href":"https:\/\/zonalimitrofe-cbnr.com\/index.php\/wp-json\/wp\/v2\/posts"}],"about":[{"href":"https:\/\/zonalimitrofe-cbnr.com\/index.php\/wp-json\/wp\/v2\/types\/post"}],"author":[{"embeddable":true,"href":"https:\/\/zonalimitrofe-cbnr.com\/index.php\/wp-json\/wp\/v2\/users\/1"}],"replies":[{"embeddable":true,"href":"https:\/\/zonalimitrofe-cbnr.com\/index.php\/wp-json\/wp\/v2\/comments?post=27302"}],"version-history":[{"count":1,"href":"https:\/\/zonalimitrofe-cbnr.com\/index.php\/wp-json\/wp\/v2\/posts\/27302\/revisions"}],"predecessor-version":[{"id":27304,"href":"https:\/\/zonalimitrofe-cbnr.com\/index.php\/wp-json\/wp\/v2\/posts\/27302\/revisions\/27304"}],"wp:featuredmedia":[{"embeddable":true,"href":"https:\/\/zonalimitrofe-cbnr.com\/index.php\/wp-json\/wp\/v2\/media\/27303"}],"wp:attachment":[{"href":"https:\/\/zonalimitrofe-cbnr.com\/index.php\/wp-json\/wp\/v2\/media?parent=27302"}],"wp:term":[{"taxonomy":"category","embeddable":true,"href":"https:\/\/zonalimitrofe-cbnr.com\/index.php\/wp-json\/wp\/v2\/categories?post=27302"},{"taxonomy":"post_tag","embeddable":true,"href":"https:\/\/zonalimitrofe-cbnr.com\/index.php\/wp-json\/wp\/v2\/tags?post=27302"}],"curies":[{"name":"wp","href":"https:\/\/api.w.org\/{rel}","templated":true}]}}