{"id":27296,"date":"2025-11-19T12:05:20","date_gmt":"2025-11-19T18:05:20","guid":{"rendered":"https:\/\/zonalimitrofe-cbnr.com\/?p=27296"},"modified":"2025-11-19T12:05:21","modified_gmt":"2025-11-19T18:05:21","slug":"torreon-reconoce-alcalde-el-trabajo-de-las-corporaciones-durante-eventos-masivos-del-fin-de-semana","status":"publish","type":"post","link":"https:\/\/zonalimitrofe-cbnr.com\/index.php\/2025\/11\/19\/torreon-reconoce-alcalde-el-trabajo-de-las-corporaciones-durante-eventos-masivos-del-fin-de-semana\/","title":{"rendered":"#Torre\u00f3n. Reconoce Alcalde el trabajo de las corporaciones durante eventos masivos del fin de semana"},"content":{"rendered":"\n<p><strong>Torre\u00f3n, Coahuila. A 19 de noviembre de 2025<\/strong>.- Este mi\u00e9rcoles, durante la cuadrag\u00e9sima tercera reuni\u00f3n semanal de seguridad, el alcalde Rom\u00e1n Alberto Cepeda Gonz\u00e1lez manifest\u00f3 su reconocimiento y felicitaci\u00f3n a todas las corporaciones por el trabajo estrat\u00e9gico, puntual y coordinado que permiti\u00f3 cerrar con saldo blanco los eventos masivos y actividades de gran movilidad que se llevaron a cabo los \u00faltimos d\u00edas. El Presidente Municipal destac\u00f3 las acciones implementadas en eventos como el partido M\u00e9xico\u2013Uruguay, el concierto de Caifanes, y el desfile de la Revoluci\u00f3n, as\u00ed como durante la actividad comercial por el Buen Fin, que movilizaron a una cantidad importante de personas de Torre\u00f3n y visitantes. \u201cTienen todo mi reconocimiento y mi agradecimiento cada corporaci\u00f3n, esto es resultado de un esfuerzo coordinado con el gobernador Manolo Jim\u00e9nez y de un trabajo conjunto entre los tres \u00f3rdenes de Gobierno. Sin embargo, es importante seguir reforzando, no bajar la guardia y continuar con el modelo de seguridad del Estado para las pr\u00f3ximas actividades al cierre del a\u00f1o\u201d, extern\u00f3. Asimismo, Eduardo Olmos Castro, secretario del Ayuntamiento, destac\u00f3 la decisi\u00f3n colegiada entre el Alcalde y el Gobernador del Estado, respecto a la instalaci\u00f3n de filtros de seguridad en los accesos a Torre\u00f3n, medida que consider\u00f3 fundamental para mantener las condiciones de tranquilidad en la regi\u00f3n. Referente al \u00edndice semanal de incidencia delictiva, el comisario Alfredo Flores Originales, director de la Polic\u00eda de Torre\u00f3n, inform\u00f3 que, del 10 al 16 de noviembre, disminuy\u00f3 el robo a casa habitaci\u00f3n, con cuatro eventos; robo a veh\u00edculo, con dos eventos; robo a accesorios de veh\u00edculo, con un evento; robo a local comercial con violencia, tres eventos; robo a persona con violencia, con cero eventos; y el robo a transportista, con cero eventos. La Polic\u00eda Municipal efectu\u00f3 103 detenciones que fueron remitidas al Ministerio P\u00fablico y 103 al Juez Calificador. El Grupo de Reacci\u00f3n Torre\u00f3n realiz\u00f3 20 detenciones relacionadas con la posesi\u00f3n de narc\u00f3ticos. Flores Originales inform\u00f3 que la corporaci\u00f3n obtuvo la acreditaci\u00f3n CALEA, un reconocimiento internacional que confirma el cumplimiento de altos est\u00e1ndares en profesionalizaci\u00f3n y servicio a la ciudadan\u00eda. Destac\u00f3 que este logro fortalece la seguridad y el trabajo coordinado entre los gobiernos municipal y estatal, en beneficio de los ciudadanos. Por su parte, Martha Esther Rodr\u00edguez Romero, directora general del Centro de Justicia Municipal (CJM), inform\u00f3 que en el periodo mencionado, se registraron tres casos de conductores que participaron en accidentes viales y salieron positivos al alcohol\u00edmetro, as\u00ed como un positivo al antidoping. Adem\u00e1s, destac\u00f3 el servicio de defensor\u00eda jur\u00eddica gratuita que transform\u00f3 la manera de acompa\u00f1ar a la ciudadan\u00eda, y que es parte del Sistema Homologado de Justicia C\u00edvica. Martha Alicia Faz D\u00e1vila, directora de Tr\u00e1nsito y Vialidad, mencion\u00f3 las acciones realizadas dentro de la brigada \u201cEl Alcalde y su equipo en tu colonia hacemos m\u00e1s\u201d, en la colonia Villa California, donde se brind\u00f3 atenci\u00f3n a los vecinos del sector para resolver sus inquietudes.<\/p>\n\n\n\n<p>En otro tema, indic\u00f3 que durante la semana se llevaron a cabo presentaciones sobre las actividades de la direcci\u00f3n, particularmente la campa\u00f1a permanente \u201cCero Tolerancia\u201d, a representantes de la C\u00e1mara Mexicana de la Industria de la Construcci\u00f3n (CMIC) delegaci\u00f3n Laguna, y la C\u00e1mara Nacional de la Industria de Transformaci\u00f3n (CANACINTRA) Torre\u00f3n.<\/p>\n\n\n\n<p>En esta \u00faltima, se cont\u00f3 con la participaci\u00f3n de la diputada Luz Elena Morales N\u00fa\u00f1ez, presidenta de la Junta de Gobierno del Congreso del Estado de Coahuila.<\/p>\n\n\n\n<p>C\u00e9sar Alvarado Mendoza, por parte de la Direcci\u00f3n de Movilidad Urbana, dio a conocer los avances del programa \u201cMi primera licencia\u201d, llevado a los alumnos de la Universidad Aut\u00f3noma de Coahuila (UA de C), facilit\u00e1ndoles la obtenci\u00f3n del formato necesario para realizar su tr\u00e1mite.<\/p>\n\n\n\n<p>Asimismo, inform\u00f3 sobre las reuniones de trabajo con due\u00f1os de antros y bares, para dar seguimiento a los acuerdos y difundir el programa \u201cTaxi Seguro\u201d para sus clientes.<\/p>\n\n\n\n<p>Jorge Luis Ju\u00e1rez Llanas, director de Protecci\u00f3n Civil y Bomberos, dio a conocer que la inspecci\u00f3n a los puestos del mercadito navide\u00f1o permanece con rondines diarios, donde se verifica la correcta instalaci\u00f3n el\u00e9ctrica, y el manejo correcto de los extintores, entre otras medidas de seguridad.<\/p>\n\n\n\n<p>Por parte de Inspecci\u00f3n y Verificaci\u00f3n, el director Pablo Fern\u00e1ndez Llamas, se\u00f1al\u00f3 que los principales reportes que recibi\u00f3 la dependencia mediante el sistema 073, fueron por veh\u00edculos chatarra, con 12; condiciones inadecuadas, con nueve; y obstrucci\u00f3n a la v\u00eda p\u00fablica, con 11.<\/p>\n","protected":false},"excerpt":{"rendered":"<p>Torre\u00f3n, Coahuila. A 19 de noviembre de 2025.- Este mi\u00e9rcoles, durante la cuadrag\u00e9sima tercera reuni\u00f3n semanal de seguridad, el alcalde Rom\u00e1n Alberto Cepeda Gonz\u00e1lez manifest\u00f3 su reconocimiento y felicitaci\u00f3n a todas las corporaciones por el trabajo estrat\u00e9gico, puntual y coordinado que permiti\u00f3 cerrar con saldo blanco los eventos masivos y actividades de gran movilidad que [&hellip;]<\/p>\n","protected":false},"author":1,"featured_media":27297,"comment_status":"open","ping_status":"open","sticky":false,"template":"","format":"standard","meta":{"_monsterinsights_skip_tracking":false,"_monsterinsights_sitenote_active":false,"_monsterinsights_sitenote_note":"","_monsterinsights_sitenote_category":0,"footnotes":""},"categories":[1],"tags":[],"_links":{"self":[{"href":"https:\/\/zonalimitrofe-cbnr.com\/index.php\/wp-json\/wp\/v2\/posts\/27296"}],"collection":[{"href":"https:\/\/zonalimitrofe-cbnr.com\/index.php\/wp-json\/wp\/v2\/posts"}],"about":[{"href":"https:\/\/zonalimitrofe-cbnr.com\/index.php\/wp-json\/wp\/v2\/types\/post"}],"author":[{"embeddable":true,"href":"https:\/\/zonalimitrofe-cbnr.com\/index.php\/wp-json\/wp\/v2\/users\/1"}],"replies":[{"embeddable":true,"href":"https:\/\/zonalimitrofe-cbnr.com\/index.php\/wp-json\/wp\/v2\/comments?post=27296"}],"version-history":[{"count":1,"href":"https:\/\/zonalimitrofe-cbnr.com\/index.php\/wp-json\/wp\/v2\/posts\/27296\/revisions"}],"predecessor-version":[{"id":27298,"href":"https:\/\/zonalimitrofe-cbnr.com\/index.php\/wp-json\/wp\/v2\/posts\/27296\/revisions\/27298"}],"wp:featuredmedia":[{"embeddable":true,"href":"https:\/\/zonalimitrofe-cbnr.com\/index.php\/wp-json\/wp\/v2\/media\/27297"}],"wp:attachment":[{"href":"https:\/\/zonalimitrofe-cbnr.com\/index.php\/wp-json\/wp\/v2\/media?parent=27296"}],"wp:term":[{"taxonomy":"category","embeddable":true,"href":"https:\/\/zonalimitrofe-cbnr.com\/index.php\/wp-json\/wp\/v2\/categories?post=27296"},{"taxonomy":"post_tag","embeddable":true,"href":"https:\/\/zonalimitrofe-cbnr.com\/index.php\/wp-json\/wp\/v2\/tags?post=27296"}],"curies":[{"name":"wp","href":"https:\/\/api.w.org\/{rel}","templated":true}]}}