{"id":27293,"date":"2025-11-19T11:57:47","date_gmt":"2025-11-19T17:57:47","guid":{"rendered":"https:\/\/zonalimitrofe-cbnr.com\/?p=27293"},"modified":"2025-11-19T11:57:48","modified_gmt":"2025-11-19T17:57:48","slug":"gp-gomez-palacio-cuna-de-la-revolucion-honra-la-memoria-de-sus-primeros-insurgentes","status":"publish","type":"post","link":"https:\/\/zonalimitrofe-cbnr.com\/index.php\/2025\/11\/19\/gp-gomez-palacio-cuna-de-la-revolucion-honra-la-memoria-de-sus-primeros-insurgentes\/","title":{"rendered":"#GP. G\u00f3mez Palacio, Cuna de la Revoluci\u00f3n, honra la memoria de sus primeros insurgentes*"},"content":{"rendered":"\n<p>\u2022 El cronista de la ciudad destaca la participaci\u00f3n determinante de gomezpalatinos en la primera revoluci\u00f3n armada del siglo XX<\/p>\n\n\n\n<p>G\u00f3mez Palacio conmemora este 19 de noviembre el aniversario del levantamiento revolucionario que antecedi\u00f3 al estallido nacional del 20 de noviembre de 1910. Esta fecha marca uno de los cap\u00edtulos m\u00e1s importantes de la historia local, pues la Regi\u00f3n del R\u00edo Nazas \u2014a la que pertenec\u00eda G\u00f3mez Palacio\u2014 fue escenario del primer movimiento armado del siglo XX en el mundo, impulsado por las ideas del antirreeleccionismo y del Plan de San Luis.<\/p>\n\n\n\n<p>As\u00ed lo record\u00f3 el cronista municipal, Dar\u00edo Valenzuela, quien destac\u00f3 que entre los primeros revolucionarios de la regi\u00f3n se encontraban el profesor Manuel Nepomuceno Oviedo y Mariano L\u00f3pez Ortiz, cercanos colaboradores y amigos personales de Francisco I. Madero.<br>En G\u00f3mez Palacio, los primeros en sumarse al llamado revolucionario fueron Dionisio Reyes, Jes\u00fas Agust\u00edn Castro Rivera, Orestes Pereira Cornejo y Juan Pablo Estrada Lozano, integrantes de la emblem\u00e1tica Junta Patri\u00f3tica.<\/p>\n\n\n\n<p>Valenzuela explic\u00f3 que esta Junta realizaba sus reuniones en la casa de Dionisio Reyes y en la Iglesia Bautista, inmueble que hoy es reconocido como el \u201cRecinto de la Revoluci\u00f3n\u201d, ubicado en la avenida Hidalgo esquina con M\u00e1rtires de 1910.<\/p>\n\n\n\n<p>En su \u00faltima reuni\u00f3n, los integrantes acordaron iniciar el levantamiento el 20 de noviembre, tal como ordenaba el Plan de San Luis, reuni\u00e9ndose desde la noche del 19 en el carrizal frente al Cerro de las Calabazas. Sin embargo, al no presentarse el contingente procedente de Torre\u00f3n, los gomezpalatinos nombraron como jefe del movimiento al joven Jes\u00fas Agust\u00edn Castro Rivera, y como segundo al tambi\u00e9n joven Orestes Pereira Cornejo, iniciando as\u00ed uno de los movimientos sociales m\u00e1s trascendentes para G\u00f3mez Palacio.<\/p>\n\n\n\n<p>De acuerdo con la cr\u00f3nica hist\u00f3rica, el grupo se dirigi\u00f3 primero a la antigua hacienda de Santa Rosa de Lima para recuperar armas escondidas en una casa en ruinas \u2014sitio donde hoy se levanta un monumento p\u00e9treo\u2014. Posteriormente, avanzaron hacia la Presidencia Municipal y la c\u00e1rcel para liberar a los presos, donde se produjo la muerte de un guardia.<br>Tras hacerse de caballos, armas, dinero y provisiones, continuaron su marcha rumbo a Lerdo, pero fueron enfrentados por fuerzas federales en el llamado Puente Blanco, frente al vivero, y de nuevo por la \u201cacordada\u201d de Torre\u00f3n. En este choque cay\u00f3 Ladislao L\u00f3pez, reconocido como el primer m\u00e1rtir de la Revoluci\u00f3n en La Laguna.<\/p>\n\n\n\n<p>Tras la derrota, el grupo se dispers\u00f3 temporalmente, pero meses despu\u00e9s, reorganizados bajo el mando de Jes\u00fas Agust\u00edn Castro, participaron en la Primera Toma de Torre\u00f3n el 15 de mayo de 1911, al frente de 80 hombres que enarbolaban los ideales de libertad y democracia.<\/p>\n\n\n\n<p>Por estas razones, explic\u00f3 el cronista Valenzuela, cada 19 de noviembre se honra la memoria de los 40 participantes de aquel primer levantamiento. Sus nombres est\u00e1n inscritos en los respaldos del Jard\u00edn de Honor del Pante\u00f3n Municipal, donde el pasado 2 de noviembre se deposit\u00f3 una ofrenda floral y se mont\u00f3 una guardia de honor, siguiendo la tradici\u00f3n de reconocer a quienes dieron inicio a la Revoluci\u00f3n en G\u00f3mez Palacio.<br><\/p>\n","protected":false},"excerpt":{"rendered":"<p>\u2022 El cronista de la ciudad destaca la participaci\u00f3n determinante de gomezpalatinos en la primera revoluci\u00f3n armada del siglo XX G\u00f3mez Palacio conmemora este 19 de noviembre el aniversario del levantamiento revolucionario que antecedi\u00f3 al estallido nacional del 20 de noviembre de 1910. Esta fecha marca uno de los cap\u00edtulos m\u00e1s importantes de la historia [&hellip;]<\/p>\n","protected":false},"author":1,"featured_media":27294,"comment_status":"open","ping_status":"open","sticky":false,"template":"","format":"standard","meta":{"_monsterinsights_skip_tracking":false,"_monsterinsights_sitenote_active":false,"_monsterinsights_sitenote_note":"","_monsterinsights_sitenote_category":0,"footnotes":""},"categories":[1],"tags":[],"_links":{"self":[{"href":"https:\/\/zonalimitrofe-cbnr.com\/index.php\/wp-json\/wp\/v2\/posts\/27293"}],"collection":[{"href":"https:\/\/zonalimitrofe-cbnr.com\/index.php\/wp-json\/wp\/v2\/posts"}],"about":[{"href":"https:\/\/zonalimitrofe-cbnr.com\/index.php\/wp-json\/wp\/v2\/types\/post"}],"author":[{"embeddable":true,"href":"https:\/\/zonalimitrofe-cbnr.com\/index.php\/wp-json\/wp\/v2\/users\/1"}],"replies":[{"embeddable":true,"href":"https:\/\/zonalimitrofe-cbnr.com\/index.php\/wp-json\/wp\/v2\/comments?post=27293"}],"version-history":[{"count":1,"href":"https:\/\/zonalimitrofe-cbnr.com\/index.php\/wp-json\/wp\/v2\/posts\/27293\/revisions"}],"predecessor-version":[{"id":27295,"href":"https:\/\/zonalimitrofe-cbnr.com\/index.php\/wp-json\/wp\/v2\/posts\/27293\/revisions\/27295"}],"wp:featuredmedia":[{"embeddable":true,"href":"https:\/\/zonalimitrofe-cbnr.com\/index.php\/wp-json\/wp\/v2\/media\/27294"}],"wp:attachment":[{"href":"https:\/\/zonalimitrofe-cbnr.com\/index.php\/wp-json\/wp\/v2\/media?parent=27293"}],"wp:term":[{"taxonomy":"category","embeddable":true,"href":"https:\/\/zonalimitrofe-cbnr.com\/index.php\/wp-json\/wp\/v2\/categories?post=27293"},{"taxonomy":"post_tag","embeddable":true,"href":"https:\/\/zonalimitrofe-cbnr.com\/index.php\/wp-json\/wp\/v2\/tags?post=27293"}],"curies":[{"name":"wp","href":"https:\/\/api.w.org\/{rel}","templated":true}]}}