{"id":2728,"date":"2024-03-10T15:24:19","date_gmt":"2024-03-10T21:24:19","guid":{"rendered":"https:\/\/zonalimitrofe-cbnr.com\/?p=2728"},"modified":"2024-03-10T15:24:20","modified_gmt":"2024-03-10T21:24:20","slug":"coahuila-continuan-fortaleciendo-la-coordinacion-para-la-seguidad","status":"publish","type":"post","link":"https:\/\/zonalimitrofe-cbnr.com\/index.php\/2024\/03\/10\/coahuila-continuan-fortaleciendo-la-coordinacion-para-la-seguidad\/","title":{"rendered":"#Coahuila. CONTIN\u00daAN FORTALECIENDO LA COORDINACI\u00d3N PARA LA SEGUIDAD"},"content":{"rendered":"\n<ul>\n<li>Gobernador Manolo Jim\u00e9nez resalta trabajo conjunto entre todos los \u00f3rdenes de gobierno<\/li>\n<\/ul>\n\n\n\n<p>Saltillo, Coahuila de Zaragoza; a 09 de marzo de 2024.- Al encabezar la mesa estatal para la construcci\u00f3n de la Paz y Seguridad, el gobernador Manolo Jim\u00e9nez Salinas destac\u00f3 la gran coordinaci\u00f3n que existe entre todas las instituciones y dependencias de los tres \u00f3rdenes de gobierno en materia de seguridad, a quienes exhort\u00f3 a no bajar la guardia y seguir fortaleciendo su presencia en los l\u00edmites del estado.<\/p>\n\n\n\n<p>En la reuni\u00f3n, a la que se sum\u00f3 el poder Legislativo, a trav\u00e9s de la Diputada Presidenta de la Junta de Gobierno del Congreso, Luz Elena Morales N\u00fa\u00f1ez, se le dio seguimiento a acuerdos y se pusieron en marcha acciones y estrategias en varios temas que tienen que ver con mantener la seguridad de las y los coahuilenses.<\/p>\n\n\n\n<p>Manolo Jim\u00e9nez agradeci\u00f3 el apoyo de las Fuerzas Armadas en el trabajo de mantener la paz y la tranquilidad en nuestro territorio, y mencion\u00f3 que pronto iniciar\u00e1n con la inversi\u00f3n en infraestructura militar, rehabilitaciones, construcciones y entrega de apoyos, entre otras acciones, para fortalecer la presencia del Ej\u00e9rcito en Coahuila.<\/p>\n\n\n\n<p>Record\u00f3 las acciones en seguridad que se detonaron dentro de los primeros cien d\u00edas de su administraci\u00f3n, y record\u00f3 que se invertir\u00e1n 700 millones de pesos este a\u00f1o en la materia.<\/p>\n\n\n\n<p>\u201cHay un compromiso total de todas las instituciones en Coahuila en el tema de seguridad\u201d, reconoci\u00f3.<\/p>\n\n\n\n<p>Reiter\u00f3 su compromiso de trabajo conjunto con las instancias federales en el tema de migraci\u00f3n, y celebr\u00f3 que las autoridades norteamericanas reconocieran la labor y los resultados que se han obtenido en Coahuila, gracias a la coordinaci\u00f3n entre los tres \u00f3rdenes de gobierno.<\/p>\n\n\n\n<p>De la misma manera, agradeci\u00f3 la participaci\u00f3n de todas las instituciones de los tres \u00f3rdenes de gobierno en la gran cruzada que reci\u00e9n se puso en marcha en el combate a los incendios forestales.<\/p>\n\n\n\n<p>Ante el pr\u00f3ximo periodo vacacional de Semana Santa, Manolo Jim\u00e9nez pidi\u00f3 estar en coordinaci\u00f3n con las autoridades federales y municipales para tener un exitoso operativo de la temporada, que las familias de Coahuila y losls visitantes se mantengan seguros en esos d\u00edas de asueto.<\/p>\n\n\n\n<p>En esta reuni\u00f3n de seguridad participaron, adem\u00e1s, Federico Fern\u00e1ndez Monta\u00f1ez, secretario de Seguridad P\u00fablica; Gerardo M\u00e1rquez Guevara, fiscal General del Estado; Miguel Felipe Mery Ayup, magistrado presidente del Tribunal Superior de Justicia; General de Divisi\u00f3n DEM Eufemio Alberto Ibarra Flores, comandante de la 11 Regi\u00f3n Militar; General de Brigada DEM Guillermo Arellano Morales, Comandante de la Sexta Zona Militar; General de Brigada DEM Fidel Mondrag\u00f3n, Comandante de la 47 Zona Militar; General de Brigada DEM Jos\u00e9 Luis Sedano Ram\u00edrez, titular de la Guardia Nacional en Coahuila.<\/p>\n\n\n\n<p>Efra\u00edn Alonso Gastelum Padilla, de la Fiscal\u00eda General de la Rep\u00fablica; Sonia Leticia Guardiola Alem\u00e1n, delegada del Instituto Nacional de Migraci\u00f3n; Juan Gabriel Sosa, del Centro Nacional de Inteligencia; adem\u00e1s de titulares de las diversas corporaciones de seguridad en el estado.<\/p>\n","protected":false},"excerpt":{"rendered":"<p>Saltillo, Coahuila de Zaragoza; a 09 de marzo de 2024.- Al encabezar la mesa estatal para la construcci\u00f3n de la Paz y Seguridad, el gobernador Manolo Jim\u00e9nez Salinas destac\u00f3 la gran coordinaci\u00f3n que existe entre todas las instituciones y dependencias de los tres \u00f3rdenes de gobierno en materia de seguridad, a quienes exhort\u00f3 a no [&hellip;]<\/p>\n","protected":false},"author":1,"featured_media":2729,"comment_status":"open","ping_status":"open","sticky":false,"template":"","format":"standard","meta":{"_monsterinsights_skip_tracking":false,"_monsterinsights_sitenote_active":false,"_monsterinsights_sitenote_note":"","_monsterinsights_sitenote_category":0,"footnotes":""},"categories":[1],"tags":[],"_links":{"self":[{"href":"https:\/\/zonalimitrofe-cbnr.com\/index.php\/wp-json\/wp\/v2\/posts\/2728"}],"collection":[{"href":"https:\/\/zonalimitrofe-cbnr.com\/index.php\/wp-json\/wp\/v2\/posts"}],"about":[{"href":"https:\/\/zonalimitrofe-cbnr.com\/index.php\/wp-json\/wp\/v2\/types\/post"}],"author":[{"embeddable":true,"href":"https:\/\/zonalimitrofe-cbnr.com\/index.php\/wp-json\/wp\/v2\/users\/1"}],"replies":[{"embeddable":true,"href":"https:\/\/zonalimitrofe-cbnr.com\/index.php\/wp-json\/wp\/v2\/comments?post=2728"}],"version-history":[{"count":1,"href":"https:\/\/zonalimitrofe-cbnr.com\/index.php\/wp-json\/wp\/v2\/posts\/2728\/revisions"}],"predecessor-version":[{"id":2730,"href":"https:\/\/zonalimitrofe-cbnr.com\/index.php\/wp-json\/wp\/v2\/posts\/2728\/revisions\/2730"}],"wp:featuredmedia":[{"embeddable":true,"href":"https:\/\/zonalimitrofe-cbnr.com\/index.php\/wp-json\/wp\/v2\/media\/2729"}],"wp:attachment":[{"href":"https:\/\/zonalimitrofe-cbnr.com\/index.php\/wp-json\/wp\/v2\/media?parent=2728"}],"wp:term":[{"taxonomy":"category","embeddable":true,"href":"https:\/\/zonalimitrofe-cbnr.com\/index.php\/wp-json\/wp\/v2\/categories?post=2728"},{"taxonomy":"post_tag","embeddable":true,"href":"https:\/\/zonalimitrofe-cbnr.com\/index.php\/wp-json\/wp\/v2\/tags?post=2728"}],"curies":[{"name":"wp","href":"https:\/\/api.w.org\/{rel}","templated":true}]}}