{"id":27245,"date":"2025-11-18T19:48:46","date_gmt":"2025-11-19T01:48:46","guid":{"rendered":"https:\/\/zonalimitrofe-cbnr.com\/?p=27245"},"modified":"2025-11-18T19:48:46","modified_gmt":"2025-11-19T01:48:46","slug":"lerdo-seguridad-publica-registra-saldo-blanco-en-buen-fin-y-aniversario-de-lerdo","status":"publish","type":"post","link":"https:\/\/zonalimitrofe-cbnr.com\/index.php\/2025\/11\/18\/lerdo-seguridad-publica-registra-saldo-blanco-en-buen-fin-y-aniversario-de-lerdo\/","title":{"rendered":"#Lerdo. SEGURIDAD P\u00daBLICA REGISTRA SALDO BLANCO EN BUEN FIN Y ANIVERSARIO DE LERDO*"},"content":{"rendered":"\n<p>Lerdo, 18 de noviembre 2025.- La direcci\u00f3n de Seguridad P\u00fablica en Lerdo, inform\u00f3 que se obtuvo un saldo blanco en cuanto al operativo de prevenci\u00f3n realizado durante el fin de semana en el Municipio de Lerdo, en el marco del Buen Fin y de los festejos del 131 aniversario de la ciudad.<\/p>\n\n\n\n<p>Jos\u00e9 Luis Olivares, director de Seguridad P\u00fablica en el Municipio, inform\u00f3 que atendiendo las indicaciones de la Presidenta Municipal, Susy Carolina Torrecillas Salazar, el despliegue de seguridad dio inicio desde el pasado jueves, con el programa proximidad social.<\/p>\n\n\n\n<p>El funcionario coment\u00f3 que el operativo buen fin abarc\u00f3 un recorrido por los principales puntos comerciales, como el centro de la ciudad, la plaza villa vivero, establecimientos de autoservicio, tiendas departamentales, entre otros, as\u00ed como vigilancia de bancos y cajeros autom\u00e1ticos.<\/p>\n\n\n\n<p>Por otro lado, el operativo para salvaguardar a los asistentes ante multitudes que se dieron cita en los festejos del 131 aniversario de la ciudad, en colaboraci\u00f3n con dependencias como Protecci\u00f3n Civil, Tr\u00e1nsito y Salud Municipal, con actividades que incluyeron la proyecci\u00f3n de un concierto y el certamen de belleza para la coronaci\u00f3n de la Reina de Lerdo 2025, en el Teatro Hermila Galindo, y la Callejoneada que incluy\u00f3 grupos musicales, exposici\u00f3n de autos, entre otras actividades.<\/p>\n","protected":false},"excerpt":{"rendered":"<p>Lerdo, 18 de noviembre 2025.- La direcci\u00f3n de Seguridad P\u00fablica en Lerdo, inform\u00f3 que se obtuvo un saldo blanco en cuanto al operativo de prevenci\u00f3n realizado durante el fin de semana en el Municipio de Lerdo, en el marco del Buen Fin y de los festejos del 131 aniversario de la ciudad. Jos\u00e9 Luis Olivares, [&hellip;]<\/p>\n","protected":false},"author":1,"featured_media":27246,"comment_status":"open","ping_status":"open","sticky":false,"template":"","format":"standard","meta":{"_monsterinsights_skip_tracking":false,"_monsterinsights_sitenote_active":false,"_monsterinsights_sitenote_note":"","_monsterinsights_sitenote_category":0,"footnotes":""},"categories":[1],"tags":[],"_links":{"self":[{"href":"https:\/\/zonalimitrofe-cbnr.com\/index.php\/wp-json\/wp\/v2\/posts\/27245"}],"collection":[{"href":"https:\/\/zonalimitrofe-cbnr.com\/index.php\/wp-json\/wp\/v2\/posts"}],"about":[{"href":"https:\/\/zonalimitrofe-cbnr.com\/index.php\/wp-json\/wp\/v2\/types\/post"}],"author":[{"embeddable":true,"href":"https:\/\/zonalimitrofe-cbnr.com\/index.php\/wp-json\/wp\/v2\/users\/1"}],"replies":[{"embeddable":true,"href":"https:\/\/zonalimitrofe-cbnr.com\/index.php\/wp-json\/wp\/v2\/comments?post=27245"}],"version-history":[{"count":1,"href":"https:\/\/zonalimitrofe-cbnr.com\/index.php\/wp-json\/wp\/v2\/posts\/27245\/revisions"}],"predecessor-version":[{"id":27247,"href":"https:\/\/zonalimitrofe-cbnr.com\/index.php\/wp-json\/wp\/v2\/posts\/27245\/revisions\/27247"}],"wp:featuredmedia":[{"embeddable":true,"href":"https:\/\/zonalimitrofe-cbnr.com\/index.php\/wp-json\/wp\/v2\/media\/27246"}],"wp:attachment":[{"href":"https:\/\/zonalimitrofe-cbnr.com\/index.php\/wp-json\/wp\/v2\/media?parent=27245"}],"wp:term":[{"taxonomy":"category","embeddable":true,"href":"https:\/\/zonalimitrofe-cbnr.com\/index.php\/wp-json\/wp\/v2\/categories?post=27245"},{"taxonomy":"post_tag","embeddable":true,"href":"https:\/\/zonalimitrofe-cbnr.com\/index.php\/wp-json\/wp\/v2\/tags?post=27245"}],"curies":[{"name":"wp","href":"https:\/\/api.w.org\/{rel}","templated":true}]}}