{"id":27226,"date":"2025-11-17T17:00:11","date_gmt":"2025-11-17T23:00:11","guid":{"rendered":"https:\/\/zonalimitrofe-cbnr.com\/?p=27226"},"modified":"2025-11-17T17:00:11","modified_gmt":"2025-11-17T23:00:11","slug":"gp-gomez-palacio-conmemora-el-115-aniversario-de-la-revolucion-mexicana-con-un-desfile-que-reunio-a-mas-de-15-mil-asistentes","status":"publish","type":"post","link":"https:\/\/zonalimitrofe-cbnr.com\/index.php\/2025\/11\/17\/gp-gomez-palacio-conmemora-el-115-aniversario-de-la-revolucion-mexicana-con-un-desfile-que-reunio-a-mas-de-15-mil-asistentes\/","title":{"rendered":"#GP.  G\u00f3mez Palacio conmemora el 115 aniversario de la Revoluci\u00f3n Mexicana con un desfile que reuni\u00f3 a m\u00e1s de 15 mil asistentes*"},"content":{"rendered":"\n<p>\u2022 La Administraci\u00f3n de *Betzab\u00e9 Mart\u00ednez* aviv\u00f3 el orgullo de La Cuna de la Revoluci\u00f3n con un contingente de m\u00e1s de 2 mil participantes<\/p>\n\n\n\n<p>Con un ambiente festivo y una amplia participaci\u00f3n ciudadana, *G\u00f3mez Palacio* celebr\u00f3 el *115 aniversario del inicio de la Revoluci\u00f3n Mexicana* con un desfile c\u00edvico que reuni\u00f3 a miles de familias a lo largo de las principales calles del municipio.<\/p>\n\n\n\n<p>El recorrido inici\u00f3 en el *Parque Morelos* y avanz\u00f3 por la calle Ocampo hasta la avenida Madero. *M\u00e1s de 2 mil participantes integraron los distintos contingentes, entre ellos fuerzas armadas, corporaciones policiacas, asociaciones civiles y un nutrido grupo de estudiantes y docentes de diversos planteles educativos*.<\/p>\n\n\n\n<p>De acuerdo con estimaciones de la Direcci\u00f3n de Protecci\u00f3n Civil, *m\u00e1s de 15 mil personas se dieron cita para aplaudir y admirar las evoluciones y presentaciones de cada agrupaci\u00f3n*.<\/p>\n\n\n\n<p>En representaci\u00f3n de la alcaldesa *Betzab\u00e9 Mart\u00ednez Arango*, el secretario del Ayuntamiento, *Aldo Mac\u00edas Franco*, encabez\u00f3 a las autoridades municipales y marciales desde el templete oficial, donde se realiz\u00f3 el acto c\u00edvico.<\/p>\n\n\n\n<p>El Coronel de Infanter\u00eda *Fernando Rosas Clemente*, comandante del 72 Batall\u00f3n de Infanter\u00eda, autoriz\u00f3 el arranque del desfile, en el que destac\u00f3 la participaci\u00f3n de un importante contingente militar, incluida la Guardia Nacional.<\/p>\n\n\n\n<p>Tambi\u00e9n asistieron el subsecretario de Educaci\u00f3n, *Ulises Adame de Le\u00f3n*, legisladores locales y federales, integrantes del Cabildo y funcionarios del Ayuntamiento.<\/p>\n\n\n\n<p>El desfile estuvo integrado por *17 instituciones educativas y 10 dependencias de los tres \u00f3rdenes de gobierno*, entre ellas el Ej\u00e9rcito Mexicano, Guardia Nacional, Direcci\u00f3n de Seguridad P\u00fablica, Cruz Roja y la Escuela de Enfermer\u00eda, entre otras.<\/p>\n\n\n\n<p>La jornada cont\u00f3 con la participaci\u00f3n especial de la Banda de M\u00fasica No. 2 del Estado de Durango y la banda del Instituto G\u00f3mez Palacio, adem\u00e1s de la Asociaci\u00f3n de Charros de La Laguna, que ofreci\u00f3 una presentaci\u00f3n de su escaramuza infantil.<\/p>\n\n\n\n<p>El evento, que se desarroll\u00f3 durante aproximadamente *dos horas y media*, concluy\u00f3 con saldo blanco, seg\u00fan el parte de novedades. Las familias *gomezpalatinas* disfrutaron de un desfile lleno de tablas r\u00edtmicas, demostraciones deportivas y expresiones culturales.<\/p>\n\n\n\n<p>Con esta conmemoraci\u00f3n, el Gobierno Municipal reafirma su compromiso con la promoci\u00f3n de los valores c\u00edvicos, *el respeto por la historia de M\u00e9xico* y el fortalecimiento de la identidad y unidad entre las familias de *G\u00f3mez Palacio*.<\/p>\n","protected":false},"excerpt":{"rendered":"<p>\u2022 La Administraci\u00f3n de *Betzab\u00e9 Mart\u00ednez* aviv\u00f3 el orgullo de La Cuna de la Revoluci\u00f3n con un contingente de m\u00e1s de 2 mil participantes Con un ambiente festivo y una amplia participaci\u00f3n ciudadana, *G\u00f3mez Palacio* celebr\u00f3 el *115 aniversario del inicio de la Revoluci\u00f3n Mexicana* con un desfile c\u00edvico que reuni\u00f3 a miles de familias [&hellip;]<\/p>\n","protected":false},"author":1,"featured_media":27228,"comment_status":"open","ping_status":"open","sticky":false,"template":"","format":"standard","meta":{"_monsterinsights_skip_tracking":false,"_monsterinsights_sitenote_active":false,"_monsterinsights_sitenote_note":"","_monsterinsights_sitenote_category":0,"footnotes":""},"categories":[1],"tags":[],"_links":{"self":[{"href":"https:\/\/zonalimitrofe-cbnr.com\/index.php\/wp-json\/wp\/v2\/posts\/27226"}],"collection":[{"href":"https:\/\/zonalimitrofe-cbnr.com\/index.php\/wp-json\/wp\/v2\/posts"}],"about":[{"href":"https:\/\/zonalimitrofe-cbnr.com\/index.php\/wp-json\/wp\/v2\/types\/post"}],"author":[{"embeddable":true,"href":"https:\/\/zonalimitrofe-cbnr.com\/index.php\/wp-json\/wp\/v2\/users\/1"}],"replies":[{"embeddable":true,"href":"https:\/\/zonalimitrofe-cbnr.com\/index.php\/wp-json\/wp\/v2\/comments?post=27226"}],"version-history":[{"count":1,"href":"https:\/\/zonalimitrofe-cbnr.com\/index.php\/wp-json\/wp\/v2\/posts\/27226\/revisions"}],"predecessor-version":[{"id":27229,"href":"https:\/\/zonalimitrofe-cbnr.com\/index.php\/wp-json\/wp\/v2\/posts\/27226\/revisions\/27229"}],"wp:featuredmedia":[{"embeddable":true,"href":"https:\/\/zonalimitrofe-cbnr.com\/index.php\/wp-json\/wp\/v2\/media\/27228"}],"wp:attachment":[{"href":"https:\/\/zonalimitrofe-cbnr.com\/index.php\/wp-json\/wp\/v2\/media?parent=27226"}],"wp:term":[{"taxonomy":"category","embeddable":true,"href":"https:\/\/zonalimitrofe-cbnr.com\/index.php\/wp-json\/wp\/v2\/categories?post=27226"},{"taxonomy":"post_tag","embeddable":true,"href":"https:\/\/zonalimitrofe-cbnr.com\/index.php\/wp-json\/wp\/v2\/tags?post=27226"}],"curies":[{"name":"wp","href":"https:\/\/api.w.org\/{rel}","templated":true}]}}