{"id":2722,"date":"2024-03-09T17:33:04","date_gmt":"2024-03-09T23:33:04","guid":{"rendered":"https:\/\/zonalimitrofe-cbnr.com\/?p=2722"},"modified":"2024-03-09T17:33:04","modified_gmt":"2024-03-09T23:33:04","slug":"congresocoahuila-atencion-a-la-salud-mental-desde-la-escuela-alvaro-moreira","status":"publish","type":"post","link":"https:\/\/zonalimitrofe-cbnr.com\/index.php\/2024\/03\/09\/congresocoahuila-atencion-a-la-salud-mental-desde-la-escuela-alvaro-moreira\/","title":{"rendered":"#CongresoCoahuila. Atenci\u00f3n a la salud mental desde la escuela: \u00c1lvaro Moreira"},"content":{"rendered":"\n<p><strong>Saltillo, Coahuila a 09 de marzo de 2024. <\/strong>El diputado \u00c1lvaro Moreira Vald\u00e9s, exhort\u00f3 a la Secretar\u00eda de Educaci\u00f3n P\u00fablica del gobierno federal que, en coordinaci\u00f3n con la Secretar\u00eda de Salud y las autoridades en los estados, establezca una estrategia que fortalezca la capacidad institucional de los centros educativos para la promoci\u00f3n, prevenci\u00f3n, detecci\u00f3n y atenci\u00f3n de la salud mental y bienestar emocional de ni\u00f1as, ni\u00f1os y adolescentes. Lo anterior, mediante un punto de acuerdo presentado en la sesi\u00f3n ordinaria de esta semana, en el que explic\u00f3 que la promoci\u00f3n de la salud mental en ni\u00f1os y j\u00f3venes es un desaf\u00edo que implica una respuesta urgente y eficaz por parte de los sectores involucrados en la atenci\u00f3n a este grupo: familiar, escolar y comunitario; debido al alto n\u00famero de problemas, trastornos y tragedias que trajo consigo su invisibilidad y desatenci\u00f3n durante a\u00f1os. Por su parte, la UNESCO ha elaborado un documento dirigido a los gobiernos nacionales donde los exhorta a generar estrategias para la protecci\u00f3n de la salud mental desde las escuelas y otros entornos de aprendizaje. Aunque el Instituto Mexicano del Seguro Social ha liderado esfuerzos mediante el Plan Sectorial de Salud Mental y Adicciones 2023-2024 con el prop\u00f3sito de normalizar el cuidado a la salud mental; la prevalencia de trastornos mentales en la poblaci\u00f3n en edad escolar demanda la generaci\u00f3n de estrategias particulares centradas en la prevenci\u00f3n, detecci\u00f3n temprana de factores de riesgo, as\u00ed como una intervenci\u00f3n oportuna de atenci\u00f3n.<\/p>\n","protected":false},"excerpt":{"rendered":"<p>Saltillo, Coahuila a 09 de marzo de 2024. El diputado \u00c1lvaro Moreira Vald\u00e9s, exhort\u00f3 a la Secretar\u00eda de Educaci\u00f3n P\u00fablica del gobierno federal que, en coordinaci\u00f3n con la Secretar\u00eda de Salud y las autoridades en los estados, establezca una estrategia que fortalezca la capacidad institucional de los centros educativos para la promoci\u00f3n, prevenci\u00f3n, detecci\u00f3n y [&hellip;]<\/p>\n","protected":false},"author":1,"featured_media":2723,"comment_status":"open","ping_status":"open","sticky":false,"template":"","format":"standard","meta":{"_monsterinsights_skip_tracking":false,"_monsterinsights_sitenote_active":false,"_monsterinsights_sitenote_note":"","_monsterinsights_sitenote_category":0,"footnotes":""},"categories":[1],"tags":[],"_links":{"self":[{"href":"https:\/\/zonalimitrofe-cbnr.com\/index.php\/wp-json\/wp\/v2\/posts\/2722"}],"collection":[{"href":"https:\/\/zonalimitrofe-cbnr.com\/index.php\/wp-json\/wp\/v2\/posts"}],"about":[{"href":"https:\/\/zonalimitrofe-cbnr.com\/index.php\/wp-json\/wp\/v2\/types\/post"}],"author":[{"embeddable":true,"href":"https:\/\/zonalimitrofe-cbnr.com\/index.php\/wp-json\/wp\/v2\/users\/1"}],"replies":[{"embeddable":true,"href":"https:\/\/zonalimitrofe-cbnr.com\/index.php\/wp-json\/wp\/v2\/comments?post=2722"}],"version-history":[{"count":1,"href":"https:\/\/zonalimitrofe-cbnr.com\/index.php\/wp-json\/wp\/v2\/posts\/2722\/revisions"}],"predecessor-version":[{"id":2724,"href":"https:\/\/zonalimitrofe-cbnr.com\/index.php\/wp-json\/wp\/v2\/posts\/2722\/revisions\/2724"}],"wp:featuredmedia":[{"embeddable":true,"href":"https:\/\/zonalimitrofe-cbnr.com\/index.php\/wp-json\/wp\/v2\/media\/2723"}],"wp:attachment":[{"href":"https:\/\/zonalimitrofe-cbnr.com\/index.php\/wp-json\/wp\/v2\/media?parent=2722"}],"wp:term":[{"taxonomy":"category","embeddable":true,"href":"https:\/\/zonalimitrofe-cbnr.com\/index.php\/wp-json\/wp\/v2\/categories?post=2722"},{"taxonomy":"post_tag","embeddable":true,"href":"https:\/\/zonalimitrofe-cbnr.com\/index.php\/wp-json\/wp\/v2\/tags?post=2722"}],"curies":[{"name":"wp","href":"https:\/\/api.w.org\/{rel}","templated":true}]}}