{"id":27217,"date":"2025-11-17T16:48:26","date_gmt":"2025-11-17T22:48:26","guid":{"rendered":"https:\/\/zonalimitrofe-cbnr.com\/?p=27217"},"modified":"2025-11-17T16:48:26","modified_gmt":"2025-11-17T22:48:26","slug":"lerdo-con-mas-de-20-mil-personas-lerdo-concluye-festejos-del-131-aniversario-en-callejoneada","status":"publish","type":"post","link":"https:\/\/zonalimitrofe-cbnr.com\/index.php\/2025\/11\/17\/lerdo-con-mas-de-20-mil-personas-lerdo-concluye-festejos-del-131-aniversario-en-callejoneada\/","title":{"rendered":"#Lerdo. \u201cCON M\u00c1S DE 20 MIL PERSONAS, LERDO CONCLUYE FESTEJOS DEL 131 ANIVERSARIO EN CALLEJONEADA\u201d*"},"content":{"rendered":"\n<p>Lerdo, Durango, 17 de noviembre de 2025.\u2013 El Ayuntamiento de Lerdo dio por concluidos los festejos por el 131 aniversario del municipio con saldo blanco, en una celebraci\u00f3n que reuni\u00f3 a m\u00e1s de 20 mil personas que disfrutaron de m\u00fasica, verbena popular y la tradicional callejoneada.<\/p>\n\n\n\n<p>Las actividades iniciaron a las 17:30 horas con la realizaci\u00f3n del primer Elote Fest sobre el Paseo Sarabia, donde los asistentes degustaron una amplia variedad de elotes preparados, caracter\u00edsticos de la ciudad.<\/p>\n\n\n\n<p>Momentos despu\u00e9s, la presidenta municipal, Susy Carolina Torrecillas Salazar, encabez\u00f3 la callejoneada que parti\u00f3 del parque Victoria rumbo a la plaza principal por el Paseo Sarabia. La comitiva avanz\u00f3 acompa\u00f1ada de autoridades municipales y un tamborazo que ameniz\u00f3 el recorrido.<\/p>\n\n\n\n<p>Durante su intervenci\u00f3n, la alcaldesa dio la bienvenida a todas y todos los ciudadanos de la regi\u00f3n lagunera, y en particular a la delegaci\u00f3n de Las Cruces, Nuevo M\u00e9xico, invitada especial al festejo. Torrecillas destac\u00f3 que \u201cLerdo es para todos\u201d y subray\u00f3 que la seguridad fue un elemento fundamental en estas actividades, mismas que concluyeron con saldo blanco. A\u00f1adi\u00f3 que las familias pueden disfrutar de un ambiente seguro, ordenado y plenamente familiar en cada evento organizado por el municipio.<\/p>\n\n\n\n<p>En el Paseo Sarabia tambi\u00e9n se llev\u00f3 a cabo una exhibici\u00f3n de autos y motocicletas modificadas, donde distintos clubes de la Comarca Lagunera se dieron cita para mostrar sus creaciones al p\u00fablico.<\/p>\n\n\n\n<p>Por su parte, la Direcci\u00f3n de Desarrollo Econ\u00f3mico convoc\u00f3 a diversos grupos de emprendedores, quienes instalaron sus productos a lo largo del paseo con el objetivo de impulsar sus ventas.<\/p>\n\n\n\n<p>Al caer la noche, en la plaza principal, las familias disfrutaron de dos agrupaciones del g\u00e9nero norte\u00f1o, adem\u00e1s de una amplia oferta gastron\u00f3mica instalada alrededor del lugar.<\/p>\n\n\n\n<p>De esta manera, los laguneros disfrutaron de una gran fiesta en el marco del 131 aniversario de Lerdo, donde la Direcci\u00f3n de Protecci\u00f3n Civil y Bomberos, as\u00ed como la Direcci\u00f3n de Seguridad P\u00fablica, reportaron saldo blanco durante todo el evento.<br>\u00a1Por Lerdo Todo!<br>\u00a1Unidos Somos Grandes!<\/p>\n","protected":false},"excerpt":{"rendered":"<p>Lerdo, Durango, 17 de noviembre de 2025.\u2013 El Ayuntamiento de Lerdo dio por concluidos los festejos por el 131 aniversario del municipio con saldo blanco, en una celebraci\u00f3n que reuni\u00f3 a m\u00e1s de 20 mil personas que disfrutaron de m\u00fasica, verbena popular y la tradicional callejoneada. Las actividades iniciaron a las 17:30 horas con la [&hellip;]<\/p>\n","protected":false},"author":1,"featured_media":27218,"comment_status":"open","ping_status":"open","sticky":false,"template":"","format":"standard","meta":{"_monsterinsights_skip_tracking":false,"_monsterinsights_sitenote_active":false,"_monsterinsights_sitenote_note":"","_monsterinsights_sitenote_category":0,"footnotes":""},"categories":[1],"tags":[],"_links":{"self":[{"href":"https:\/\/zonalimitrofe-cbnr.com\/index.php\/wp-json\/wp\/v2\/posts\/27217"}],"collection":[{"href":"https:\/\/zonalimitrofe-cbnr.com\/index.php\/wp-json\/wp\/v2\/posts"}],"about":[{"href":"https:\/\/zonalimitrofe-cbnr.com\/index.php\/wp-json\/wp\/v2\/types\/post"}],"author":[{"embeddable":true,"href":"https:\/\/zonalimitrofe-cbnr.com\/index.php\/wp-json\/wp\/v2\/users\/1"}],"replies":[{"embeddable":true,"href":"https:\/\/zonalimitrofe-cbnr.com\/index.php\/wp-json\/wp\/v2\/comments?post=27217"}],"version-history":[{"count":1,"href":"https:\/\/zonalimitrofe-cbnr.com\/index.php\/wp-json\/wp\/v2\/posts\/27217\/revisions"}],"predecessor-version":[{"id":27219,"href":"https:\/\/zonalimitrofe-cbnr.com\/index.php\/wp-json\/wp\/v2\/posts\/27217\/revisions\/27219"}],"wp:featuredmedia":[{"embeddable":true,"href":"https:\/\/zonalimitrofe-cbnr.com\/index.php\/wp-json\/wp\/v2\/media\/27218"}],"wp:attachment":[{"href":"https:\/\/zonalimitrofe-cbnr.com\/index.php\/wp-json\/wp\/v2\/media?parent=27217"}],"wp:term":[{"taxonomy":"category","embeddable":true,"href":"https:\/\/zonalimitrofe-cbnr.com\/index.php\/wp-json\/wp\/v2\/categories?post=27217"},{"taxonomy":"post_tag","embeddable":true,"href":"https:\/\/zonalimitrofe-cbnr.com\/index.php\/wp-json\/wp\/v2\/tags?post=27217"}],"curies":[{"name":"wp","href":"https:\/\/api.w.org\/{rel}","templated":true}]}}