{"id":27196,"date":"2025-11-16T17:52:48","date_gmt":"2025-11-16T23:52:48","guid":{"rendered":"https:\/\/zonalimitrofe-cbnr.com\/?p=27196"},"modified":"2025-11-16T17:52:48","modified_gmt":"2025-11-16T23:52:48","slug":"durango-gobierno-del-estado-fortalece-el-liderazgo-educativo-de-durango-con-el-ii-congreso-internacional-de-educacion","status":"publish","type":"post","link":"https:\/\/zonalimitrofe-cbnr.com\/index.php\/2025\/11\/16\/durango-gobierno-del-estado-fortalece-el-liderazgo-educativo-de-durango-con-el-ii-congreso-internacional-de-educacion\/","title":{"rendered":"#Durango. Gobierno del Estado fortalece el liderazgo educativo de Durango con el II Congreso Internacional de Educaci\u00f3n*"},"content":{"rendered":"\n<p>* _Esteban Villegas reafirma que la formaci\u00f3n docente es clave para el desarrollo social y humano del estado._<\/p>\n\n\n\n<p>* _Especialistas nacionales e internacionales capacitan al magisterio duranguense en neuroeducaci\u00f3n, liderazgo, lectura y tecnolog\u00eda._<\/p>\n\n\n\n<p>El II Congreso Internacional de Educaci\u00f3n reforz\u00f3 el compromiso de Durango con una ense\u00f1anza de calidad, al reunir a especialistas nacionales e internacionales que compartieron estrategias para mejorar los aprendizajes y el acompa\u00f1amiento docente. El gobernador Esteban Villegas Villarreal en compa\u00f1\u00eda del secretario Guillermo Adame Calder\u00f3n, destac\u00f3 que la profesionalizaci\u00f3n del magisterio es una prioridad para elevar el desarrollo social y humano del estado.<\/p>\n\n\n\n<p>\u201cEl futuro de una naci\u00f3n est\u00e1 en la educaci\u00f3n, y los gobiernos que la fortalecen piensan en el bienestar de toda la sociedad\u201d, expres\u00f3 Pedro Gonz\u00e1lez Montoya, supervisor de la zona escolar 78 en G\u00f3mez Palacio, al destacar el compromiso del gobernador Esteban Villegas con la mejora constante del sistema educativo estatal.<\/p>\n\n\n\n<p>Laura Herrera Casta\u00f1eda, docente de Educaci\u00f3n Inicial, reconoci\u00f3 el respaldo que el magisterio ha recibido en infraestructura, materiales y herramientas pedag\u00f3gicas. \u201cNos sentimos muy apoyados y con la fortaleza para enfrentar cualquier reto en las comunidades m\u00e1s vulnerables\u201d, se\u00f1al\u00f3.<\/p>\n\n\n\n<p>Para Crisp\u00edn Aguirre Delgado, director de la primaria Miguel Hidalgo de Francisco I. Madero, este encuentro representa un impulso invaluable para la pr\u00e1ctica docente. \u201cEl gobierno del Estado conoce nuestro territorio y contexto; este tipo de congresos nos brinda herramientas que impactan directamente en el aula\u201d, afirm\u00f3.<\/p>\n\n\n\n<p>La docente Jessenia Pulido Rodr\u00edguez destac\u00f3 la importancia de contar con oportunidades permanentes de actualizaci\u00f3n. \u201cLos docentes somos quienes transformamos la educaci\u00f3n. Por eso es fundamental que se nos brinde capacitaci\u00f3n y acceso a estos espacios\u201d, expres\u00f3.<\/p>\n\n\n\n<p>Finalmente, Jos\u00e9 Manuel Mart\u00ednez subray\u00f3 la utilidad de las conferencias recibidas, en particular aquellas enfocadas en comprensi\u00f3n lectora y neuroeducaci\u00f3n. \u201cSon herramientas necesarias para mejorar los aprendizajes y fortalecer el desarrollo integral de maestros y alumnos\u201d, concluy\u00f3.<\/p>\n","protected":false},"excerpt":{"rendered":"<p>* _Esteban Villegas reafirma que la formaci\u00f3n docente es clave para el desarrollo social y humano del estado._ * _Especialistas nacionales e internacionales capacitan al magisterio duranguense en neuroeducaci\u00f3n, liderazgo, lectura y tecnolog\u00eda._ El II Congreso Internacional de Educaci\u00f3n reforz\u00f3 el compromiso de Durango con una ense\u00f1anza de calidad, al reunir a especialistas nacionales e [&hellip;]<\/p>\n","protected":false},"author":1,"featured_media":27197,"comment_status":"open","ping_status":"open","sticky":false,"template":"","format":"standard","meta":{"_monsterinsights_skip_tracking":false,"_monsterinsights_sitenote_active":false,"_monsterinsights_sitenote_note":"","_monsterinsights_sitenote_category":0,"footnotes":""},"categories":[1],"tags":[],"_links":{"self":[{"href":"https:\/\/zonalimitrofe-cbnr.com\/index.php\/wp-json\/wp\/v2\/posts\/27196"}],"collection":[{"href":"https:\/\/zonalimitrofe-cbnr.com\/index.php\/wp-json\/wp\/v2\/posts"}],"about":[{"href":"https:\/\/zonalimitrofe-cbnr.com\/index.php\/wp-json\/wp\/v2\/types\/post"}],"author":[{"embeddable":true,"href":"https:\/\/zonalimitrofe-cbnr.com\/index.php\/wp-json\/wp\/v2\/users\/1"}],"replies":[{"embeddable":true,"href":"https:\/\/zonalimitrofe-cbnr.com\/index.php\/wp-json\/wp\/v2\/comments?post=27196"}],"version-history":[{"count":1,"href":"https:\/\/zonalimitrofe-cbnr.com\/index.php\/wp-json\/wp\/v2\/posts\/27196\/revisions"}],"predecessor-version":[{"id":27198,"href":"https:\/\/zonalimitrofe-cbnr.com\/index.php\/wp-json\/wp\/v2\/posts\/27196\/revisions\/27198"}],"wp:featuredmedia":[{"embeddable":true,"href":"https:\/\/zonalimitrofe-cbnr.com\/index.php\/wp-json\/wp\/v2\/media\/27197"}],"wp:attachment":[{"href":"https:\/\/zonalimitrofe-cbnr.com\/index.php\/wp-json\/wp\/v2\/media?parent=27196"}],"wp:term":[{"taxonomy":"category","embeddable":true,"href":"https:\/\/zonalimitrofe-cbnr.com\/index.php\/wp-json\/wp\/v2\/categories?post=27196"},{"taxonomy":"post_tag","embeddable":true,"href":"https:\/\/zonalimitrofe-cbnr.com\/index.php\/wp-json\/wp\/v2\/tags?post=27196"}],"curies":[{"name":"wp","href":"https:\/\/api.w.org\/{rel}","templated":true}]}}