{"id":27190,"date":"2025-11-16T17:48:13","date_gmt":"2025-11-16T23:48:13","guid":{"rendered":"https:\/\/zonalimitrofe-cbnr.com\/?p=27190"},"modified":"2025-11-16T17:48:13","modified_gmt":"2025-11-16T23:48:13","slug":"torreon-fortalecen-programas-de-capacitacion-a-motociclistas-con-atencion-psicologica","status":"publish","type":"post","link":"https:\/\/zonalimitrofe-cbnr.com\/index.php\/2025\/11\/16\/torreon-fortalecen-programas-de-capacitacion-a-motociclistas-con-atencion-psicologica\/","title":{"rendered":"#Torre\u00f3n. Fortalecen programas de capacitaci\u00f3n a motociclistas con atenci\u00f3n psicol\u00f3gica"},"content":{"rendered":"\n<p>Torre\u00f3n, Coahuila. A 16 de noviembre de 2025<\/p>\n\n\n\n<p>A trav\u00e9s de la Unidad de Atenci\u00f3n a la Salud Mental, la Direcci\u00f3n General de Movilidad Urbana puso en marcha una nueva estrategia de Seguridad Vial, orientada a fortalecer el bienestar emocional de los motociclistas con acompa\u00f1amiento psicol\u00f3gico, as\u00ed como a garantizar la atenci\u00f3n de las v\u00edctimas de siniestros de tr\u00e1nsito.<\/p>\n\n\n\n<p>Luis Alberto Morales Cort\u00e9s, director general de la dependencia, inform\u00f3 que el objetivo principal de este programa es brindar acompa\u00f1amiento terap\u00e9utico que permita a los motociclistas canalizar pensamientos y sentimientos negativos, manejar de manera adecuada el estr\u00e9s cotidiano, y mejorar la concentraci\u00f3n al momento de conducir.<\/p>\n\n\n\n<p>El objetivo es fomentar pr\u00e1cticas seguras y responsables en la v\u00eda p\u00fablica. Adem\u00e1s, la Unidad de Atenci\u00f3n a la Salud Mental de la dependencia, ofrecer\u00e1 este servicio a los motociclistas que hayan sufrido alg\u00fan siniestro de tr\u00e1nsito, con el prop\u00f3sito de apoyar su recuperaci\u00f3n emocional, y contribuir a una reintegraci\u00f3n segura a la movilidad urbana.<\/p>\n\n\n\n<p>Morales Cort\u00e9s inform\u00f3 que este proyecto inici\u00f3 esta semana. \u201cEsta acci\u00f3n es respaldada por el alcalde Rom\u00e1n Alberto Cepeda Gonz\u00e1lez, quien nos ha instruido a generar programas integrales que fortalezcan la prevenci\u00f3n de accidentes viales\u201d.<\/p>\n\n\n\n<p>Indic\u00f3 adem\u00e1s que esta iniciativa se desarrolla en apego a lo establecido en la Ley General de Movilidad y Seguridad Vial, que en su Art\u00edculo 23 dispone los derechos de las v\u00edctimas de siniestros de tr\u00e1nsito y sus familiares, como es recibir atenci\u00f3n m\u00e9dica y psicol\u00f3gica de manera integral.<\/p>\n\n\n\n<p>Con este esfuerzo, la Administraci\u00f3n Municipal reafirma su compromiso con la seguridad vial, la salud mental y la prevenci\u00f3n de accidentes, promoviendo una movilidad m\u00e1s segura, humana y responsable para todos quienes habitan y circulan en la ciudad.<\/p>\n","protected":false},"excerpt":{"rendered":"<p>Torre\u00f3n, Coahuila. A 16 de noviembre de 2025 A trav\u00e9s de la Unidad de Atenci\u00f3n a la Salud Mental, la Direcci\u00f3n General de Movilidad Urbana puso en marcha una nueva estrategia de Seguridad Vial, orientada a fortalecer el bienestar emocional de los motociclistas con acompa\u00f1amiento psicol\u00f3gico, as\u00ed como a garantizar la atenci\u00f3n de las v\u00edctimas [&hellip;]<\/p>\n","protected":false},"author":1,"featured_media":27191,"comment_status":"open","ping_status":"open","sticky":false,"template":"","format":"standard","meta":{"_monsterinsights_skip_tracking":false,"_monsterinsights_sitenote_active":false,"_monsterinsights_sitenote_note":"","_monsterinsights_sitenote_category":0,"footnotes":""},"categories":[1],"tags":[],"_links":{"self":[{"href":"https:\/\/zonalimitrofe-cbnr.com\/index.php\/wp-json\/wp\/v2\/posts\/27190"}],"collection":[{"href":"https:\/\/zonalimitrofe-cbnr.com\/index.php\/wp-json\/wp\/v2\/posts"}],"about":[{"href":"https:\/\/zonalimitrofe-cbnr.com\/index.php\/wp-json\/wp\/v2\/types\/post"}],"author":[{"embeddable":true,"href":"https:\/\/zonalimitrofe-cbnr.com\/index.php\/wp-json\/wp\/v2\/users\/1"}],"replies":[{"embeddable":true,"href":"https:\/\/zonalimitrofe-cbnr.com\/index.php\/wp-json\/wp\/v2\/comments?post=27190"}],"version-history":[{"count":1,"href":"https:\/\/zonalimitrofe-cbnr.com\/index.php\/wp-json\/wp\/v2\/posts\/27190\/revisions"}],"predecessor-version":[{"id":27192,"href":"https:\/\/zonalimitrofe-cbnr.com\/index.php\/wp-json\/wp\/v2\/posts\/27190\/revisions\/27192"}],"wp:featuredmedia":[{"embeddable":true,"href":"https:\/\/zonalimitrofe-cbnr.com\/index.php\/wp-json\/wp\/v2\/media\/27191"}],"wp:attachment":[{"href":"https:\/\/zonalimitrofe-cbnr.com\/index.php\/wp-json\/wp\/v2\/media?parent=27190"}],"wp:term":[{"taxonomy":"category","embeddable":true,"href":"https:\/\/zonalimitrofe-cbnr.com\/index.php\/wp-json\/wp\/v2\/categories?post=27190"},{"taxonomy":"post_tag","embeddable":true,"href":"https:\/\/zonalimitrofe-cbnr.com\/index.php\/wp-json\/wp\/v2\/tags?post=27190"}],"curies":[{"name":"wp","href":"https:\/\/api.w.org\/{rel}","templated":true}]}}