{"id":27181,"date":"2025-11-16T17:41:19","date_gmt":"2025-11-16T23:41:19","guid":{"rendered":"https:\/\/zonalimitrofe-cbnr.com\/?p=27181"},"modified":"2025-11-16T17:41:20","modified_gmt":"2025-11-16T23:41:20","slug":"lerdo-celebra-su-131-aniversario-con-acto-civico-misa-y-pastel-en-el-paseo-sarabia","status":"publish","type":"post","link":"https:\/\/zonalimitrofe-cbnr.com\/index.php\/2025\/11\/16\/lerdo-celebra-su-131-aniversario-con-acto-civico-misa-y-pastel-en-el-paseo-sarabia\/","title":{"rendered":"#LERDO CELEBRA SU 131\u00b0 ANIVERSARIO CON ACTO C\u00cdVICO, MISA Y PASTEL EN EL PASEO SARABIA*"},"content":{"rendered":"\n<p>Lerdo, 16 de noviembre 2025.- Este domingo, el Republicano Ayuntamiento de Lerdo, encabezado por la Presidenta Municipal Susy Carolina Torrecillas Salazar, conmemor\u00f3 el 131 aniversario de la ciudad con un acto c\u00edvico, misa de acci\u00f3n de gracias y repartici\u00f3n del tradicional pastel, actividades realizadas en el Paseo Sarabia.<\/p>\n\n\n\n<p>El primer evento fue el acto c\u00edvico bajo el resguardo y participaci\u00f3n del 72 Batall\u00f3n de Infanter\u00eda. La ceremonia fue presidida por la Alcaldesa Susy Carolina Torrecillas Salazar, quien estuvo acompa\u00f1ada por su esposo Homero Mart\u00ednez Cabrera; el Coronel de Infanter\u00eda de Estado Mayor, Fernando Rosas Clemente; Zuriel Rosas, representante del municipio de G\u00f3mez Palacio; as\u00ed como autoridades civiles y militares que se dieron cita para atestiguar este solemne evento.<\/p>\n\n\n\n<p>Tras rendir los honores al L\u00e1baro Patrio, la Presidenta Municipal llev\u00f3 a cabo la ceremonia de incineraci\u00f3n de la Bandera Nacional, misma que presentaba deterioro por el paso de los a\u00f1os. Este acto se realiz\u00f3 conforme al Art\u00edculo 54 Bis de la Ley sobre el Escudo, la Bandera y el Himno Nacional, para posteriormente realizar el abanderamiento con un nuevo l\u00e1baro.<\/p>\n\n\n\n<p>En su mensaje, la Alcaldesa Susy Torrecillas expres\u00f3 un emotivo discurso donde destac\u00f3 la transformaci\u00f3n hist\u00f3rica de Lerdo desde su fundaci\u00f3n, recordando que se trata del municipio m\u00e1s antiguo de la Comarca Lagunera.<\/p>\n\n\n\n<p>\u201cEstoy muy contenta de que celebremos un aniversario m\u00e1s de Lerdo, y todos debemos festejarlo por ser la ciudad m\u00e1s antigua de la regi\u00f3n\u201d, destac\u00f3 la Presidenta Municipal.<\/p>\n\n\n\n<p>Durante su intervenci\u00f3n, la Presidenta mencion\u00f3 a los expresidentes municipales que han sido pieza clave en el desarrollo y crecimiento de la ciudad a lo largo de su historia. Asimismo, reconoci\u00f3 la labor del 72 Batall\u00f3n de Infanter\u00eda, subrayando que gracias a su colaboraci\u00f3n, Lerdo es hoy un municipio seguro, donde las familias pueden transitar con tranquilidad.<\/p>\n\n\n\n<p>Al mediod\u00eda se celebr\u00f3 una Misa en Acci\u00f3n de Gracias por los 131 A\u00f1os de la Ciudad, en la Iglesia del Sagrado Coraz\u00f3n de Jes\u00fas, a la que acudieron trabajadores del Ayuntamiento y feligreses. A la salida de la Iglesia, ya esperaba el Mariachi \u2018Tequila\u2019 entonando las tradicionales Ma\u00f1anitas en honor al aniversario de la elevaci\u00f3n de Lerdo al rango de ciudad.<\/p>\n\n\n\n<p>Posteriormente, la edil Susy Carolina Torrecillas Salazar y su esposo Homero Mart\u00ednez Cabrera se trasladaron al kiosco principal de la plaza, donde realizaron la repartici\u00f3n del tradicional pastel, el cual fue disfrutado por decenas de familias, acompa\u00f1adas de la m\u00fasica de la Banda del Estado.<\/p>\n\n\n\n<p>Las actividades continuar\u00e1n este domingo por la tarde con la Callejoneada desde el Parque Victoria a la Plaza Principal, acompa\u00f1ando a la Burrita Bar que transportar\u00e1 garrafas para el disfrute de los asistentes, el Festival del Elote con la participaci\u00f3n de comerciantes de este tradicional alimento que ser\u00e1 ofrecido en sus diferentes presentaciones, adem\u00e1s de m\u00fasica en vivo, exhibici\u00f3n de autos y motos cl\u00e1sicos y modificados, as\u00ed como venta de artesan\u00edas locales.<\/p>\n","protected":false},"excerpt":{"rendered":"<p>Lerdo, 16 de noviembre 2025.- Este domingo, el Republicano Ayuntamiento de Lerdo, encabezado por la Presidenta Municipal Susy Carolina Torrecillas Salazar, conmemor\u00f3 el 131 aniversario de la ciudad con un acto c\u00edvico, misa de acci\u00f3n de gracias y repartici\u00f3n del tradicional pastel, actividades realizadas en el Paseo Sarabia. El primer evento fue el acto c\u00edvico [&hellip;]<\/p>\n","protected":false},"author":1,"featured_media":27182,"comment_status":"open","ping_status":"open","sticky":false,"template":"","format":"standard","meta":{"_monsterinsights_skip_tracking":false,"_monsterinsights_sitenote_active":false,"_monsterinsights_sitenote_note":"","_monsterinsights_sitenote_category":0,"footnotes":""},"categories":[1],"tags":[],"_links":{"self":[{"href":"https:\/\/zonalimitrofe-cbnr.com\/index.php\/wp-json\/wp\/v2\/posts\/27181"}],"collection":[{"href":"https:\/\/zonalimitrofe-cbnr.com\/index.php\/wp-json\/wp\/v2\/posts"}],"about":[{"href":"https:\/\/zonalimitrofe-cbnr.com\/index.php\/wp-json\/wp\/v2\/types\/post"}],"author":[{"embeddable":true,"href":"https:\/\/zonalimitrofe-cbnr.com\/index.php\/wp-json\/wp\/v2\/users\/1"}],"replies":[{"embeddable":true,"href":"https:\/\/zonalimitrofe-cbnr.com\/index.php\/wp-json\/wp\/v2\/comments?post=27181"}],"version-history":[{"count":1,"href":"https:\/\/zonalimitrofe-cbnr.com\/index.php\/wp-json\/wp\/v2\/posts\/27181\/revisions"}],"predecessor-version":[{"id":27183,"href":"https:\/\/zonalimitrofe-cbnr.com\/index.php\/wp-json\/wp\/v2\/posts\/27181\/revisions\/27183"}],"wp:featuredmedia":[{"embeddable":true,"href":"https:\/\/zonalimitrofe-cbnr.com\/index.php\/wp-json\/wp\/v2\/media\/27182"}],"wp:attachment":[{"href":"https:\/\/zonalimitrofe-cbnr.com\/index.php\/wp-json\/wp\/v2\/media?parent=27181"}],"wp:term":[{"taxonomy":"category","embeddable":true,"href":"https:\/\/zonalimitrofe-cbnr.com\/index.php\/wp-json\/wp\/v2\/categories?post=27181"},{"taxonomy":"post_tag","embeddable":true,"href":"https:\/\/zonalimitrofe-cbnr.com\/index.php\/wp-json\/wp\/v2\/tags?post=27181"}],"curies":[{"name":"wp","href":"https:\/\/api.w.org\/{rel}","templated":true}]}}