{"id":27172,"date":"2025-11-15T18:03:05","date_gmt":"2025-11-16T00:03:05","guid":{"rendered":"https:\/\/zonalimitrofe-cbnr.com\/?p=27172"},"modified":"2025-11-15T18:03:05","modified_gmt":"2025-11-16T00:03:05","slug":"lerdo-conforman-consejo-copladem-en-lerdo","status":"publish","type":"post","link":"https:\/\/zonalimitrofe-cbnr.com\/index.php\/2025\/11\/15\/lerdo-conforman-consejo-copladem-en-lerdo\/","title":{"rendered":"#Lerdo. CONFORMAN CONSEJO COPLADEM EN LERDO*"},"content":{"rendered":"\n<p>Lerdo, 15 de noviembre 2025.- En sesi\u00f3n extraordinaria, realizada en el lobby del Teatro Hermila Galindo, el Honorable Cabildo de Lerdo aprob\u00f3 por unanimidad la conformaci\u00f3n del Consejo Municipal de Planeaci\u00f3n para el Desarrollo (COPLADEM) para el periodo 2025-2028.<\/p>\n\n\n\n<p>Durante el desahogo del orden del d\u00eda, se ratific\u00f3 por unanimidad a Jes\u00fas Moctezuma Quintana Armijo como Coordinador del COPLADEM. Asimismo, se valid\u00f3 la integraci\u00f3n completa del organismo, quedando de la siguiente manera:<\/p>\n\n\n\n<p>Integraci\u00f3n del Consejo de Planeaci\u00f3n: Presidenta Susy Carolina Torrecillas Salazar; Coordinador del COPLADEM: Jes\u00fas Moctezuma Quintana Armijo; Secretaria T\u00e9cnica: Alejandra Escobedo; as\u00ed como representantes de la Administraci\u00f3n P\u00fablica Municipal: Juan Jos\u00e9 Carrillo, Jorge Silva, Daniel Salazar Gallegos, Rom\u00e1n Alberto Herrera D\u00edaz y Alfredo Molina.<\/p>\n\n\n\n<p>Representantes de la Administraci\u00f3n P\u00fablica Estatal: Julio David Pay\u00e1n Guerrero, Nazario Ortega Vega; Representante de la Administraci\u00f3n P\u00fablica Federal: Francisco Santill\u00e1n de la Torre; Representantes Sindicales, de la Sociedad Civil y Sector Empresarial: Hannia Guadalupe Pantoja Enr\u00edquez, \u00c1ngeles Zamora Pacheco, Mar\u00eda Martha Herrera, Ricardo Torres Rodr\u00edguez, Sandra Torres.<\/p>\n\n\n\n<p>Representante de Colegios de Profesionistas: Leopoldo Cervantes Roel; Representantes Ciudadanos: Jaime Huereca Garc\u00eda, Kareen Javar Hurtado, Jos\u00e9 Israel Villegas Delgado; Representantes de Instituciones de Educaci\u00f3n Media Superior y Superior: V\u00edctor Alfonso G\u00f3mez Hern\u00e1ndez, M\u00f3nica Nava Mendoza, Gast\u00f3n Zapata S\u00e1nchez y Jos\u00e9 Dimas L\u00f3pez<\/p>\n\n\n\n<p>Representantes del COPLADEM: Jes\u00fas Salazar Ibarra, Coordinador General de Gesti\u00f3n Gubernamental, Heriberto Villarreal Flores, Director General de Planeaci\u00f3n, Seguimiento y Evaluaci\u00f3n.<\/p>\n\n\n\n<p>En el sexto punto del orden del d\u00eda, el Cabildo aprob\u00f3 instruir al Comit\u00e9 de Planeaci\u00f3n la elaboraci\u00f3n de la propuesta del Reglamento Interior del COPLADEM, con un plazo m\u00e1ximo de 60 d\u00edas naturales para su presentaci\u00f3n.<\/p>\n\n\n\n<p>El Gobierno Municipal record\u00f3 que el COPLADEM es el organismo encargado de planear, coordinar y dar seguimiento al desarrollo del municipio, promoviendo la participaci\u00f3n ciudadana y el trabajo conjunto con los distintos \u00f3rdenes de gobierno.<\/p>\n","protected":false},"excerpt":{"rendered":"<p>Lerdo, 15 de noviembre 2025.- En sesi\u00f3n extraordinaria, realizada en el lobby del Teatro Hermila Galindo, el Honorable Cabildo de Lerdo aprob\u00f3 por unanimidad la conformaci\u00f3n del Consejo Municipal de Planeaci\u00f3n para el Desarrollo (COPLADEM) para el periodo 2025-2028. Durante el desahogo del orden del d\u00eda, se ratific\u00f3 por unanimidad a Jes\u00fas Moctezuma Quintana Armijo [&hellip;]<\/p>\n","protected":false},"author":1,"featured_media":27173,"comment_status":"open","ping_status":"open","sticky":false,"template":"","format":"standard","meta":{"_monsterinsights_skip_tracking":false,"_monsterinsights_sitenote_active":false,"_monsterinsights_sitenote_note":"","_monsterinsights_sitenote_category":0,"footnotes":""},"categories":[1],"tags":[],"_links":{"self":[{"href":"https:\/\/zonalimitrofe-cbnr.com\/index.php\/wp-json\/wp\/v2\/posts\/27172"}],"collection":[{"href":"https:\/\/zonalimitrofe-cbnr.com\/index.php\/wp-json\/wp\/v2\/posts"}],"about":[{"href":"https:\/\/zonalimitrofe-cbnr.com\/index.php\/wp-json\/wp\/v2\/types\/post"}],"author":[{"embeddable":true,"href":"https:\/\/zonalimitrofe-cbnr.com\/index.php\/wp-json\/wp\/v2\/users\/1"}],"replies":[{"embeddable":true,"href":"https:\/\/zonalimitrofe-cbnr.com\/index.php\/wp-json\/wp\/v2\/comments?post=27172"}],"version-history":[{"count":1,"href":"https:\/\/zonalimitrofe-cbnr.com\/index.php\/wp-json\/wp\/v2\/posts\/27172\/revisions"}],"predecessor-version":[{"id":27174,"href":"https:\/\/zonalimitrofe-cbnr.com\/index.php\/wp-json\/wp\/v2\/posts\/27172\/revisions\/27174"}],"wp:featuredmedia":[{"embeddable":true,"href":"https:\/\/zonalimitrofe-cbnr.com\/index.php\/wp-json\/wp\/v2\/media\/27173"}],"wp:attachment":[{"href":"https:\/\/zonalimitrofe-cbnr.com\/index.php\/wp-json\/wp\/v2\/media?parent=27172"}],"wp:term":[{"taxonomy":"category","embeddable":true,"href":"https:\/\/zonalimitrofe-cbnr.com\/index.php\/wp-json\/wp\/v2\/categories?post=27172"},{"taxonomy":"post_tag","embeddable":true,"href":"https:\/\/zonalimitrofe-cbnr.com\/index.php\/wp-json\/wp\/v2\/tags?post=27172"}],"curies":[{"name":"wp","href":"https:\/\/api.w.org\/{rel}","templated":true}]}}