{"id":27153,"date":"2025-11-15T17:42:21","date_gmt":"2025-11-15T23:42:21","guid":{"rendered":"https:\/\/zonalimitrofe-cbnr.com\/?p=27153"},"modified":"2025-11-15T17:42:21","modified_gmt":"2025-11-15T23:42:21","slug":"gp-todo-listo-para-el-desfile-de-la-revolucion-mexicana-en-gomez-palacio","status":"publish","type":"post","link":"https:\/\/zonalimitrofe-cbnr.com\/index.php\/2025\/11\/15\/gp-todo-listo-para-el-desfile-de-la-revolucion-mexicana-en-gomez-palacio\/","title":{"rendered":"#GP. Todo listo para el Desfile de la Revoluci\u00f3n Mexicana en G\u00f3mez Palacio*"},"content":{"rendered":"\n<p>*La presidenta Betzab\u00e9 Mart\u00ednez invita a la ciudadan\u00eda a sumarse a este festejo civico el lunes 17 de noviembre<\/p>\n\n\n\n<p>La presidenta municipal de G\u00f3mez Palacio, Betzab\u00e9 Mart\u00ednez Arango, invit\u00f3 a la ciudadan\u00eda a sumarse al Desfile de la Revoluci\u00f3n Mexicana que se llevar\u00e1 a cabo el lunes 17 de noviembre a las 9:30 de la ma\u00f1ana.<\/p>\n\n\n\n<p>El desfile, que partir\u00e1 del Parque Morelos y recorrer\u00e1 la calle Ocampo hasta la avenida Francisco I. Madero, contar\u00e1 con la participaci\u00f3n de 17 centros escolares, 10 dependencias de los tres niveles de gobierno, efectivos del Ej\u00e9rcito Mexicano, la Guardia Nacional, Bomberos, Seguridad P\u00fablica Municipal y la Jurisdicci\u00f3n Sanitaria n\u00famero 2, entre otros.<\/p>\n\n\n\n<p>El contingente incluir\u00e1 tambi\u00e9n la presentaci\u00f3n de la banda de m\u00fasica n\u00famero 2 del Estado de Durango y la banda del Instituto G\u00f3mez Palacio, as\u00ed como la Asociaci\u00f3n de Charros de la Laguna.<\/p>\n\n\n\n<p>La alcaldesa Mart\u00ednez Arango destac\u00f3 la importancia de que el acto c\u00edvico se desarrolle de manera ordenada y motive a la poblaci\u00f3n a salir a disfrutar y aplaudir el paso del contingente.<\/p>\n\n\n\n<p>&#8220;La Presidenta Municipal, Betzab\u00e9 Mart\u00ednez Arango, est\u00e1 muy interesada en que este evento se desarrolle y luzca por ser G\u00f3mez Palacio Cuna de la Revoluci\u00f3n y que la poblaci\u00f3n se sienta orgullosa de celebrar este importante d\u00eda de la historia de M\u00e9xico&#8221;, afirm\u00f3 Mart\u00edn Ceniceros, responsable de la Junta C\u00edvica Municipal.<\/p>\n\n\n\n<p>El evento tendr\u00e1 una duraci\u00f3n aproximada de 2 horas y media y la Administraci\u00f3n Municipal de G\u00f3mez Palacio se compromete a garantizar la seguridad y el orden durante el evento. La ciudadan\u00eda es invitada a dejar espacio al paso del contingente y cuidar de los menores asistentes.<\/p>\n","protected":false},"excerpt":{"rendered":"<p>*La presidenta Betzab\u00e9 Mart\u00ednez invita a la ciudadan\u00eda a sumarse a este festejo civico el lunes 17 de noviembre La presidenta municipal de G\u00f3mez Palacio, Betzab\u00e9 Mart\u00ednez Arango, invit\u00f3 a la ciudadan\u00eda a sumarse al Desfile de la Revoluci\u00f3n Mexicana que se llevar\u00e1 a cabo el lunes 17 de noviembre a las 9:30 de la [&hellip;]<\/p>\n","protected":false},"author":1,"featured_media":27154,"comment_status":"open","ping_status":"open","sticky":false,"template":"","format":"standard","meta":{"_monsterinsights_skip_tracking":false,"_monsterinsights_sitenote_active":false,"_monsterinsights_sitenote_note":"","_monsterinsights_sitenote_category":0,"footnotes":""},"categories":[1],"tags":[],"_links":{"self":[{"href":"https:\/\/zonalimitrofe-cbnr.com\/index.php\/wp-json\/wp\/v2\/posts\/27153"}],"collection":[{"href":"https:\/\/zonalimitrofe-cbnr.com\/index.php\/wp-json\/wp\/v2\/posts"}],"about":[{"href":"https:\/\/zonalimitrofe-cbnr.com\/index.php\/wp-json\/wp\/v2\/types\/post"}],"author":[{"embeddable":true,"href":"https:\/\/zonalimitrofe-cbnr.com\/index.php\/wp-json\/wp\/v2\/users\/1"}],"replies":[{"embeddable":true,"href":"https:\/\/zonalimitrofe-cbnr.com\/index.php\/wp-json\/wp\/v2\/comments?post=27153"}],"version-history":[{"count":1,"href":"https:\/\/zonalimitrofe-cbnr.com\/index.php\/wp-json\/wp\/v2\/posts\/27153\/revisions"}],"predecessor-version":[{"id":27155,"href":"https:\/\/zonalimitrofe-cbnr.com\/index.php\/wp-json\/wp\/v2\/posts\/27153\/revisions\/27155"}],"wp:featuredmedia":[{"embeddable":true,"href":"https:\/\/zonalimitrofe-cbnr.com\/index.php\/wp-json\/wp\/v2\/media\/27154"}],"wp:attachment":[{"href":"https:\/\/zonalimitrofe-cbnr.com\/index.php\/wp-json\/wp\/v2\/media?parent=27153"}],"wp:term":[{"taxonomy":"category","embeddable":true,"href":"https:\/\/zonalimitrofe-cbnr.com\/index.php\/wp-json\/wp\/v2\/categories?post=27153"},{"taxonomy":"post_tag","embeddable":true,"href":"https:\/\/zonalimitrofe-cbnr.com\/index.php\/wp-json\/wp\/v2\/tags?post=27153"}],"curies":[{"name":"wp","href":"https:\/\/api.w.org\/{rel}","templated":true}]}}