{"id":27144,"date":"2025-11-14T18:12:28","date_gmt":"2025-11-15T00:12:28","guid":{"rendered":"https:\/\/zonalimitrofe-cbnr.com\/?p=27144"},"modified":"2025-11-14T18:12:29","modified_gmt":"2025-11-15T00:12:29","slug":"congresocoahuila-imparten-conferencia-romper-el-mito-la-violencia-psicologica-se-ve-se-siente-y-deja-huella","status":"publish","type":"post","link":"https:\/\/zonalimitrofe-cbnr.com\/index.php\/2025\/11\/14\/congresocoahuila-imparten-conferencia-romper-el-mito-la-violencia-psicologica-se-ve-se-siente-y-deja-huella\/","title":{"rendered":"#CongresoCoahuila. Imparten conferencia \u201cRomper el mito: La violencia psicol\u00f3gica se ve, se siente y deja huella\u201d"},"content":{"rendered":"\n<p><strong>Saltillo, Coahuila, 14 de noviembre de 2025.-<\/strong> De acuerdo al Programa de capacitaci\u00f3n y actualizaci\u00f3n en materia de Derechos Humanos, G\u00e9nero, Transversalizaci\u00f3n y No discriminaci\u00f3n\u00a02025, en el Congreso del Estado, a trav\u00e9s de la Unidad\u00a0de G\u00e9nero, se imparti\u00f3 la Conferencia \u201cRomper el mito: La violencia psicol\u00f3gica se ve, se siente y deja huella\u201d a las y los colaboradores, dando inicio con ello a los 16 d\u00edas de activismo en el marco del 25 de noviembre \u201cD\u00eda Internacional para la Erradicaci\u00f3n de la Violencia contra las Mujeres\u201d La conferencia estuvo a cargo de la maestra Laura Mart\u00ednez Rivera, titular de la Unidad de G\u00e9nero, as\u00ed como de la licenciada M\u00f3nica Aguirre. Esta pl\u00e1tica tuvo como primer objetivo derrumbar los mitos que perpet\u00faan y normalizan la violencia psicol\u00f3gica, cuyas secuelas son tan graves como la violencia f\u00edsica, ya que pueden tener consecuencias como trastornos del sue\u00f1o, estr\u00e9s post traum\u00e1tico, aislamiento social, entre otras m\u00e1s graves como conducir a la persona que la sufre hasta el suicidio. El segundo objetivo de la conferencia fue reconocer con claridad las se\u00f1ales y expresiones de la violencia psicol\u00f3gica para su atenci\u00f3n y\u00a0 prevenci\u00f3n. En el marco de la misma se realiz\u00f3 una din\u00e1mica en donde cada uno los y las colaboradoras realizaron un ejercicio de introspecci\u00f3n para el reconocimiento de sus cualidades\u00a0 con la finalidad de recordar lo importante que es fortalecer la autoestima como un mecanismo de prevenci\u00f3n de la violencia psicol\u00f3gica.\u00a0 Finalmente se difundi\u00f3 informaci\u00f3n sobre las instancias gubernamentales que brindan apoyo tanto legal y psicol\u00f3gico y se reiter\u00f3 a los y las colaboradoras que la Unidad de G\u00e9nero del H. Congreso es una instancia que puede brindar asesor\u00eda legal y orientaci\u00f3n para quien as\u00ed lo requiera. Con estas acciones, el Congreso del Estado reafirma su compromiso con la erradicaci\u00f3n de la violencia contra las mujeres y la promoci\u00f3n de una cultura institucional basada en la igualdad, el respeto y los derechos humanos.<\/p>\n","protected":false},"excerpt":{"rendered":"<p>Saltillo, Coahuila, 14 de noviembre de 2025.- De acuerdo al Programa de capacitaci\u00f3n y actualizaci\u00f3n en materia de Derechos Humanos, G\u00e9nero, Transversalizaci\u00f3n y No discriminaci\u00f3n\u00a02025, en el Congreso del Estado, a trav\u00e9s de la Unidad\u00a0de G\u00e9nero, se imparti\u00f3 la Conferencia \u201cRomper el mito: La violencia psicol\u00f3gica se ve, se siente y deja huella\u201d a las [&hellip;]<\/p>\n","protected":false},"author":1,"featured_media":27145,"comment_status":"open","ping_status":"open","sticky":false,"template":"","format":"standard","meta":{"_monsterinsights_skip_tracking":false,"_monsterinsights_sitenote_active":false,"_monsterinsights_sitenote_note":"","_monsterinsights_sitenote_category":0,"footnotes":""},"categories":[1],"tags":[],"_links":{"self":[{"href":"https:\/\/zonalimitrofe-cbnr.com\/index.php\/wp-json\/wp\/v2\/posts\/27144"}],"collection":[{"href":"https:\/\/zonalimitrofe-cbnr.com\/index.php\/wp-json\/wp\/v2\/posts"}],"about":[{"href":"https:\/\/zonalimitrofe-cbnr.com\/index.php\/wp-json\/wp\/v2\/types\/post"}],"author":[{"embeddable":true,"href":"https:\/\/zonalimitrofe-cbnr.com\/index.php\/wp-json\/wp\/v2\/users\/1"}],"replies":[{"embeddable":true,"href":"https:\/\/zonalimitrofe-cbnr.com\/index.php\/wp-json\/wp\/v2\/comments?post=27144"}],"version-history":[{"count":1,"href":"https:\/\/zonalimitrofe-cbnr.com\/index.php\/wp-json\/wp\/v2\/posts\/27144\/revisions"}],"predecessor-version":[{"id":27146,"href":"https:\/\/zonalimitrofe-cbnr.com\/index.php\/wp-json\/wp\/v2\/posts\/27144\/revisions\/27146"}],"wp:featuredmedia":[{"embeddable":true,"href":"https:\/\/zonalimitrofe-cbnr.com\/index.php\/wp-json\/wp\/v2\/media\/27145"}],"wp:attachment":[{"href":"https:\/\/zonalimitrofe-cbnr.com\/index.php\/wp-json\/wp\/v2\/media?parent=27144"}],"wp:term":[{"taxonomy":"category","embeddable":true,"href":"https:\/\/zonalimitrofe-cbnr.com\/index.php\/wp-json\/wp\/v2\/categories?post=27144"},{"taxonomy":"post_tag","embeddable":true,"href":"https:\/\/zonalimitrofe-cbnr.com\/index.php\/wp-json\/wp\/v2\/tags?post=27144"}],"curies":[{"name":"wp","href":"https:\/\/api.w.org\/{rel}","templated":true}]}}