{"id":27141,"date":"2025-11-14T18:03:43","date_gmt":"2025-11-15T00:03:43","guid":{"rendered":"https:\/\/zonalimitrofe-cbnr.com\/?p=27141"},"modified":"2025-11-14T18:03:43","modified_gmt":"2025-11-15T00:03:43","slug":"gp-firman-lala-y-betzabe-martinez-convenio-de-colaboracion-en-beneficio-de-la-comunidad","status":"publish","type":"post","link":"https:\/\/zonalimitrofe-cbnr.com\/index.php\/2025\/11\/14\/gp-firman-lala-y-betzabe-martinez-convenio-de-colaboracion-en-beneficio-de-la-comunidad\/","title":{"rendered":"#GP. Firman Lala y Betzab\u00e9 Mart\u00ednez convenio de colaboraci\u00f3n en beneficio de la comunidad*"},"content":{"rendered":"\n<p>\u2022 *DIF G\u00f3mez Palacio* recibir\u00e1 un mill\u00f3n de pesos en sillas de ruedas y apoyo para programas asistenciales<\/p>\n\n\n\n<p>La presidenta municipal de G\u00f3mez Palacio, *Betzab\u00e9 Mart\u00ednez Arango*, firm\u00f3 un convenio de colaboraci\u00f3n con la *Fundaci\u00f3n Grupo Lala* para fortalecer los programas de asistencia social que se implementan en el municipio, entre ellos los comedores comunitarios, el internado Zarco y diversas acciones a favor de grupos vulnerables.<\/p>\n\n\n\n<p>Durante el evento, celebrado en las instalaciones de *Grupo Lala*, la Alcaldesa destac\u00f3 la importancia de esta alianza para ampliar la capacidad de atenci\u00f3n del *DIF Municipal*.<\/p>\n\n\n\n<p>*\u201cEstamos comprometidos con la asistencia social y la inclusi\u00f3n. Este convenio con Fundaci\u00f3n Lala es un paso significativo para alcanzar nuestros objetivos\u201d*, afirm\u00f3 Mart\u00ednez Arango.<\/p>\n\n\n\n<p>El acuerdo contempla la *entrega de un cheque simb\u00f3lico por un mill\u00f3n de pesos en sillas de ruedas destinadas al DIF G\u00f3mez Palacio*, lo que permitir\u00e1 beneficiar a un amplio grupo de ciudadanos con discapacidad que requieren este tipo de apoyos para mejorar su calidad de vida.<\/p>\n\n\n\n<p>*\u201cQuiero agradecer el compromiso social de Lala y sus socios. Siempre he dicho que en el DIF descubr\u00ed mi mejor versi\u00f3n, cuando tuve la oportunidad de ayudar directamente a quienes m\u00e1s lo necesitan\u201d*, a\u00f1adi\u00f3 la Alcaldesa.<\/p>\n\n\n\n<p>Por parte de *Grupo Lala*, *Edgar Salinas Uribe* destac\u00f3 que la empresa mantiene un firme compromiso con la regi\u00f3n y su gente.<\/p>\n\n\n\n<p>\u201cNo solo nos mueve el inter\u00e9s de seguir creciendo como empresa orgullosamente lagunera; tambi\u00e9n buscamos compartir con la comunidad y ayudar a quienes m\u00e1s lo necesitan\u201d, expres\u00f3.<\/p>\n\n\n\n<p>En el acto estuvieron presentes la directora del *DIF G\u00f3mez Palacio*, Sanjuana Guadalupe Aguirre, y el se\u00f1or Agust\u00edn Silva, beneficiario de una silla de ruedas, quien recibi\u00f3 la donaci\u00f3n en representaci\u00f3n de las familias que ser\u00e1n apoyadas. Silva agradeci\u00f3 tanto a la empresa como al Ayuntamiento por impulsar acciones que transforman la vida de las personas con discapacidad.<\/p>\n\n\n\n<p>Finalmente, Mart\u00ednez Arango reiter\u00f3 que este convenio forma parte de los esfuerzos permanentes del gobierno municipal por mejorar la calidad de vida en *G\u00f3mez Palacio* y *fortalecer la colaboraci\u00f3n con empresas y organizaciones que comparten esta visi\u00f3n*.<br><\/p>\n","protected":false},"excerpt":{"rendered":"<p>\u2022 *DIF G\u00f3mez Palacio* recibir\u00e1 un mill\u00f3n de pesos en sillas de ruedas y apoyo para programas asistenciales La presidenta municipal de G\u00f3mez Palacio, *Betzab\u00e9 Mart\u00ednez Arango*, firm\u00f3 un convenio de colaboraci\u00f3n con la *Fundaci\u00f3n Grupo Lala* para fortalecer los programas de asistencia social que se implementan en el municipio, entre ellos los comedores comunitarios, [&hellip;]<\/p>\n","protected":false},"author":1,"featured_media":27142,"comment_status":"open","ping_status":"open","sticky":false,"template":"","format":"standard","meta":{"_monsterinsights_skip_tracking":false,"_monsterinsights_sitenote_active":false,"_monsterinsights_sitenote_note":"","_monsterinsights_sitenote_category":0,"footnotes":""},"categories":[1],"tags":[],"_links":{"self":[{"href":"https:\/\/zonalimitrofe-cbnr.com\/index.php\/wp-json\/wp\/v2\/posts\/27141"}],"collection":[{"href":"https:\/\/zonalimitrofe-cbnr.com\/index.php\/wp-json\/wp\/v2\/posts"}],"about":[{"href":"https:\/\/zonalimitrofe-cbnr.com\/index.php\/wp-json\/wp\/v2\/types\/post"}],"author":[{"embeddable":true,"href":"https:\/\/zonalimitrofe-cbnr.com\/index.php\/wp-json\/wp\/v2\/users\/1"}],"replies":[{"embeddable":true,"href":"https:\/\/zonalimitrofe-cbnr.com\/index.php\/wp-json\/wp\/v2\/comments?post=27141"}],"version-history":[{"count":1,"href":"https:\/\/zonalimitrofe-cbnr.com\/index.php\/wp-json\/wp\/v2\/posts\/27141\/revisions"}],"predecessor-version":[{"id":27143,"href":"https:\/\/zonalimitrofe-cbnr.com\/index.php\/wp-json\/wp\/v2\/posts\/27141\/revisions\/27143"}],"wp:featuredmedia":[{"embeddable":true,"href":"https:\/\/zonalimitrofe-cbnr.com\/index.php\/wp-json\/wp\/v2\/media\/27142"}],"wp:attachment":[{"href":"https:\/\/zonalimitrofe-cbnr.com\/index.php\/wp-json\/wp\/v2\/media?parent=27141"}],"wp:term":[{"taxonomy":"category","embeddable":true,"href":"https:\/\/zonalimitrofe-cbnr.com\/index.php\/wp-json\/wp\/v2\/categories?post=27141"},{"taxonomy":"post_tag","embeddable":true,"href":"https:\/\/zonalimitrofe-cbnr.com\/index.php\/wp-json\/wp\/v2\/tags?post=27141"}],"curies":[{"name":"wp","href":"https:\/\/api.w.org\/{rel}","templated":true}]}}