{"id":27116,"date":"2025-11-14T12:26:39","date_gmt":"2025-11-14T18:26:39","guid":{"rendered":"https:\/\/zonalimitrofe-cbnr.com\/?p=27116"},"modified":"2025-11-14T12:26:40","modified_gmt":"2025-11-14T18:26:40","slug":"lerdo-en-sesion-solemne-el-h-cabildo-de-lerdo-entrego-preseas-a-ciudadanos-distinguidos-2025","status":"publish","type":"post","link":"https:\/\/zonalimitrofe-cbnr.com\/index.php\/2025\/11\/14\/lerdo-en-sesion-solemne-el-h-cabildo-de-lerdo-entrego-preseas-a-ciudadanos-distinguidos-2025\/","title":{"rendered":"#Lerdo. EN SESI\u00d3N SOLEMNE, EL H. CABILDO DE LERDO ENTREG\u00d3 PRESEAS A CIUDADANOS DISTINGUIDOS 2025*"},"content":{"rendered":"\n<p>Lerdo, 13 de noviembre 2025.- La noche de este jueves, el Teatro Hermila Galindo fue sede de la primera sesi\u00f3n solemne para reconocer a los \u201cCiudadanos Distinguidos 2025\u201d, en la que el Honorable Cabildo de Lerdo llev\u00f3 a cabo la entrega de las Preseas \u201cLic. Miguel Lerdo de Tejada\u201d, en el marco del 131 aniversario de la Ciudad.<\/p>\n\n\n\n<p>Durante este acto protocolario, se reconoci\u00f3 a lerdenses destacados por su trayectoria y contribuciones en diversos \u00e1mbitos, adem\u00e1s de entregar distinciones de manera p\u00f3stuma.<\/p>\n\n\n\n<p>Las categor\u00edas y galardonados fueron las siguientes: En \u2018Acad\u00e9mico\u2019, la Dra. Mayela del Refugio Rodr\u00edguez Garza, recibi\u00f3 la presea de manos de la Presidenta Municipal Susy Carolina Torrecillas Salazar. Posteriormente, en la categor\u00eda de \u2018Personas con Discapacidad\u2019 el Ing. Marvin Josu\u00e9 Quintana Armijo recibi\u00f3 el galard\u00f3n; en \u2018Profesional\u2019, la Mtra. Rosa Elena R\u00edos Ortega; en \u2018Deportivo\u2019, el ciudadano Emery Hern\u00e1ndez V\u00e1zquez; en \u2018Art\u00edstico-Cultural\u2019, el Ing. Abel Arturo Valenzuela Estevan\u00e9; en \u2018Labor Social\u2019, a la Sra. Mar\u00eda Magdalena Talamantes Aguilera.<\/p>\n\n\n\n<p>Para finalizar reconociendo a tres importantes lerdenses en la categor\u00eda de \u2018Post-Mortem\u2019, que han dejado un legado valioso para el municipio: el Profr. Alejandro P\u00e9rez Rivera, recibiendo la presea la QFB. Victoria P\u00e9rez Dominguez, en representaci\u00f3n de su padre; el ciudadano Oth\u00f3n Reuter Ram\u00edrez, fue su hija Diana Reuter P\u00e9rez quien tom\u00f3 el galard\u00f3n y lo alz\u00f3 al cielo para celebrar la memoria de su padre; y el Lic. Perfecto Mart\u00ednez Murillo, donde la Sra. Rosa Mar\u00eda Cruz (viuda) subi\u00f3 al estrado para recibir la presea \u201cLic. Miguel Lerdo de Tejada\u201d.<\/p>\n\n\n\n<p>Luego de entregar este meritorio reconocimiento a cada uno de los Ciudadanos Distinguidos de la noche, la Presidenta Municipal Susy Carolina Torrecillas Salazar agradeci\u00f3 a los galardonados por su valiosa aportaci\u00f3n a la comunidad y al desarrollo de Lerdo, invit\u00e1ndolos a continuar trabajando para la construcci\u00f3n de una mejor ciudad.<\/p>\n","protected":false},"excerpt":{"rendered":"<p>Lerdo, 13 de noviembre 2025.- La noche de este jueves, el Teatro Hermila Galindo fue sede de la primera sesi\u00f3n solemne para reconocer a los \u201cCiudadanos Distinguidos 2025\u201d, en la que el Honorable Cabildo de Lerdo llev\u00f3 a cabo la entrega de las Preseas \u201cLic. Miguel Lerdo de Tejada\u201d, en el marco del 131 aniversario [&hellip;]<\/p>\n","protected":false},"author":1,"featured_media":27117,"comment_status":"open","ping_status":"open","sticky":false,"template":"","format":"standard","meta":{"_monsterinsights_skip_tracking":false,"_monsterinsights_sitenote_active":false,"_monsterinsights_sitenote_note":"","_monsterinsights_sitenote_category":0,"footnotes":""},"categories":[1],"tags":[],"_links":{"self":[{"href":"https:\/\/zonalimitrofe-cbnr.com\/index.php\/wp-json\/wp\/v2\/posts\/27116"}],"collection":[{"href":"https:\/\/zonalimitrofe-cbnr.com\/index.php\/wp-json\/wp\/v2\/posts"}],"about":[{"href":"https:\/\/zonalimitrofe-cbnr.com\/index.php\/wp-json\/wp\/v2\/types\/post"}],"author":[{"embeddable":true,"href":"https:\/\/zonalimitrofe-cbnr.com\/index.php\/wp-json\/wp\/v2\/users\/1"}],"replies":[{"embeddable":true,"href":"https:\/\/zonalimitrofe-cbnr.com\/index.php\/wp-json\/wp\/v2\/comments?post=27116"}],"version-history":[{"count":1,"href":"https:\/\/zonalimitrofe-cbnr.com\/index.php\/wp-json\/wp\/v2\/posts\/27116\/revisions"}],"predecessor-version":[{"id":27118,"href":"https:\/\/zonalimitrofe-cbnr.com\/index.php\/wp-json\/wp\/v2\/posts\/27116\/revisions\/27118"}],"wp:featuredmedia":[{"embeddable":true,"href":"https:\/\/zonalimitrofe-cbnr.com\/index.php\/wp-json\/wp\/v2\/media\/27117"}],"wp:attachment":[{"href":"https:\/\/zonalimitrofe-cbnr.com\/index.php\/wp-json\/wp\/v2\/media?parent=27116"}],"wp:term":[{"taxonomy":"category","embeddable":true,"href":"https:\/\/zonalimitrofe-cbnr.com\/index.php\/wp-json\/wp\/v2\/categories?post=27116"},{"taxonomy":"post_tag","embeddable":true,"href":"https:\/\/zonalimitrofe-cbnr.com\/index.php\/wp-json\/wp\/v2\/tags?post=27116"}],"curies":[{"name":"wp","href":"https:\/\/api.w.org\/{rel}","templated":true}]}}