{"id":27086,"date":"2025-11-13T20:04:02","date_gmt":"2025-11-14T02:04:02","guid":{"rendered":"https:\/\/zonalimitrofe-cbnr.com\/?p=27086"},"modified":"2025-11-13T20:04:02","modified_gmt":"2025-11-14T02:04:02","slug":"lerdo-presente-en-reinstalacion-de-red-duranguense-por-la-salud","status":"publish","type":"post","link":"https:\/\/zonalimitrofe-cbnr.com\/index.php\/2025\/11\/13\/lerdo-presente-en-reinstalacion-de-red-duranguense-por-la-salud\/","title":{"rendered":"#LERDO PRESENTE EN REINSTALACI\u00d3N DE RED DURANGUENSE POR LA SALUD*"},"content":{"rendered":"\n<p>Lerdo, 13 de noviembre 2025.\u2013 El pasado mi\u00e9rcoles, el Municipio de Lerdo estuvo presente en la Reinstalaci\u00f3n de la Red Duranguense de Municipios por la Salud, realizada en la ciudad de Durango capital, con el objetivo de fortalecer la coordinaci\u00f3n entre los gobiernos municipales y el sector salud estatal.<\/p>\n\n\n\n<p>En representaci\u00f3n de la Presidenta Municipal Susy Torrecillas Salazar, el Dr. Roberto Favela Escobedo, director de Salud Municipal, asisti\u00f3 a esta reuni\u00f3n de trabajo encabezada por el Dr. Mois\u00e9s N\u00e1jera, secretario de Salud de Durango.<\/p>\n\n\n\n<p>La Red Duranguense de Municipios por la Salud constituye un espacio de cooperaci\u00f3n interinstitucional que busca fortalecer la participaci\u00f3n de los gobiernos locales en la construcci\u00f3n de entornos seguros y saludables, fomentando la suma de esfuerzos entre los distintos niveles de gobierno.<\/p>\n\n\n\n<p>Con su participaci\u00f3n, el Ayuntamiento de Lerdo reafirma su compromiso con la salud p\u00fablica y con la mejora continua de los servicios municipales, trabajando de manera coordinada para garantizar una mejor calidad de vida a las y los lerdenses.<\/p>\n\n\n\n<p>00346<\/p>\n","protected":false},"excerpt":{"rendered":"<p>Lerdo, 13 de noviembre 2025.\u2013 El pasado mi\u00e9rcoles, el Municipio de Lerdo estuvo presente en la Reinstalaci\u00f3n de la Red Duranguense de Municipios por la Salud, realizada en la ciudad de Durango capital, con el objetivo de fortalecer la coordinaci\u00f3n entre los gobiernos municipales y el sector salud estatal. En representaci\u00f3n de la Presidenta Municipal [&hellip;]<\/p>\n","protected":false},"author":1,"featured_media":27087,"comment_status":"open","ping_status":"open","sticky":false,"template":"","format":"standard","meta":{"_monsterinsights_skip_tracking":false,"_monsterinsights_sitenote_active":false,"_monsterinsights_sitenote_note":"","_monsterinsights_sitenote_category":0,"footnotes":""},"categories":[1],"tags":[],"_links":{"self":[{"href":"https:\/\/zonalimitrofe-cbnr.com\/index.php\/wp-json\/wp\/v2\/posts\/27086"}],"collection":[{"href":"https:\/\/zonalimitrofe-cbnr.com\/index.php\/wp-json\/wp\/v2\/posts"}],"about":[{"href":"https:\/\/zonalimitrofe-cbnr.com\/index.php\/wp-json\/wp\/v2\/types\/post"}],"author":[{"embeddable":true,"href":"https:\/\/zonalimitrofe-cbnr.com\/index.php\/wp-json\/wp\/v2\/users\/1"}],"replies":[{"embeddable":true,"href":"https:\/\/zonalimitrofe-cbnr.com\/index.php\/wp-json\/wp\/v2\/comments?post=27086"}],"version-history":[{"count":1,"href":"https:\/\/zonalimitrofe-cbnr.com\/index.php\/wp-json\/wp\/v2\/posts\/27086\/revisions"}],"predecessor-version":[{"id":27088,"href":"https:\/\/zonalimitrofe-cbnr.com\/index.php\/wp-json\/wp\/v2\/posts\/27086\/revisions\/27088"}],"wp:featuredmedia":[{"embeddable":true,"href":"https:\/\/zonalimitrofe-cbnr.com\/index.php\/wp-json\/wp\/v2\/media\/27087"}],"wp:attachment":[{"href":"https:\/\/zonalimitrofe-cbnr.com\/index.php\/wp-json\/wp\/v2\/media?parent=27086"}],"wp:term":[{"taxonomy":"category","embeddable":true,"href":"https:\/\/zonalimitrofe-cbnr.com\/index.php\/wp-json\/wp\/v2\/categories?post=27086"},{"taxonomy":"post_tag","embeddable":true,"href":"https:\/\/zonalimitrofe-cbnr.com\/index.php\/wp-json\/wp\/v2\/tags?post=27086"}],"curies":[{"name":"wp","href":"https:\/\/api.w.org\/{rel}","templated":true}]}}