{"id":27079,"date":"2025-11-13T18:49:20","date_gmt":"2025-11-14T00:49:20","guid":{"rendered":"https:\/\/zonalimitrofe-cbnr.com\/?p=27079"},"modified":"2025-11-13T18:49:21","modified_gmt":"2025-11-14T00:49:21","slug":"uadec-recibe-uadec-la-acreditacion-de-ocho-programas-educativos-por-los-comites-interinstitucionales-para-la-evaluacion-de-la-educacion-superior-ciees","status":"publish","type":"post","link":"https:\/\/zonalimitrofe-cbnr.com\/index.php\/2025\/11\/13\/uadec-recibe-uadec-la-acreditacion-de-ocho-programas-educativos-por-los-comites-interinstitucionales-para-la-evaluacion-de-la-educacion-superior-ciees\/","title":{"rendered":"#UAdeC. Recibe UAdeC la Acreditaci\u00f3n de Ocho Programas Educativos por los Comit\u00e9s Interinstitucionales para la Evaluaci\u00f3n de la Educaci\u00f3n Superior CIEES"},"content":{"rendered":"\n<p>ARTEAGA, Coahuila. 13 de noviembre de 2025. La Universidad Aut\u00f3noma de Coahuila recibi\u00f3 la acreditaci\u00f3n de ocho de sus programas educativos pertenecientes a la Facultad de Sistemas, Facultad de Ingenier\u00eda, Facultad de Artes Pl\u00e1sticas y Facultad de Mercadotecnia de la Unidad Sureste, por los Comit\u00e9s Interinstitucionales para la Evaluaci\u00f3n de la Educaci\u00f3n Superior (CIEES).<\/p>\n\n\n\n<p>Los programas que se sometieron a proceso de Acreditaci\u00f3n de la Facultad de Sistemas son la Ingenier\u00eda en Electr\u00f3nica y Comunicaciones, Ingenier\u00eda Industrial y de Sistemas e Ingenier\u00eda Automotriz; mientras que, de la Facultad de Ingenier\u00eda, el programa de Ingenier\u00eda Mec\u00e1nica Administrador, Ingenier\u00eda Mec\u00e1nica Electricista e Ingenier\u00eda Civil, de la Facultad de Artes Pl\u00e1sticas la carrera de Licenciado en Artes Pl\u00e1sticas y de la Facultad de Mercadotecnia la Licenciatura en Mercadotecnia.<\/p>\n\n\n\n<p>Cabe mencionar que, los CIEES eval\u00faan los programas educativos y es una agencia de acreditaci\u00f3n internacional con aprobaci\u00f3n del Sistema de Evaluaci\u00f3n y Acreditaci\u00f3n de la Educaci\u00f3n Superior (SEAES) del Gobierno Federal de la Secretar\u00eda de Educaci\u00f3n P\u00fablica y, los evaluadores son pares acad\u00e9micos de distintas instituciones de educaci\u00f3n superior del pa\u00eds de gran importancia y prestigio.<\/p>\n\n\n\n<p>En el Lobby de Infoteca Arteaga, asisti\u00f3 el rector de la m\u00e1xima casa de estudios, Octavio Pimentel Mart\u00ednez, el director de Planeaci\u00f3n, Jes\u00fas Alberto Montalvo Morales, el coordinador general de los CIEES, Miguel \u00c1ngel Tamayo Taype y la vocal ejecutiva de los CIEES, Roc\u00edo del Alba Llarena de Thierry.<\/p>\n\n\n\n<p>Adem\u00e1s, la coordinadora de Unidad Sureste, Eva Kerena Hern\u00e1ndez Mart\u00ednez, la coordinadora de Unidad Laguna, Sandra L\u00f3pez Chavarr\u00eda, el coordinador de Unidad Norte, Luis Carlos Talamantes Arredondo, funcionariado universitario, los directores de los planteles, coordinadores de los programas y el equipo de trabajo de acreditaciones.<\/p>\n\n\n\n<p>En su mensaje el Rector, enfatiz\u00f3 que, en la Aut\u00f3noma de Coahuila, se celebra un logro que trasciende los n\u00fameros y los documentos, pues es reflejo del compromiso con la calidad, con la mejora continua y sobre todo con las y los estudiantes, ya que son la raz\u00f3n de ser de la instituci\u00f3n.<\/p>\n\n\n\n<p>\u201cAcreditarse bajo los est\u00e1ndares de los CIEES no es un tr\u00e1mite, es una declaraci\u00f3n de principios, significa que nuestras escuelas y facultades han sido evaluadas con rigor, con objetividad y con la mirada puesta en un claro objetivo, la excelencia acad\u00e9mica, lo que implica que asumimos la responsabilidad de formar profesionistas competentes, \u00e9ticos y con sentido humano\u201d, dijo.<\/p>\n\n\n\n<p>Pimentel Mart\u00ednez, se\u00f1al\u00f3 que, cada nivel de acreditaci\u00f3n que se alcanz\u00f3 y cada dictamen favorable representa a\u00f1os de esfuerzo colectivo, de di\u00e1logo, de establecer acuerdos \u0443 de poner por encima de cualquier inter\u00e9s personal, los intereses de la instituci\u00f3n y por encima de todo a las y los estudiantes.<\/p>\n\n\n\n<p>Invit\u00f3 a las y los miembros de la Universidad a seguir trabajando para que la acreditaci\u00f3n no sea solo un reconocimiento, sino una cultura que se viva todos los d\u00edas, al tiempo que, inform\u00f3 que hoy se inicia el proceso de los trabajos para obtener la acreditaci\u00f3n institucional por parte de los CIEES.<\/p>\n\n\n\n<p>Por su parte, el director de Planeaci\u00f3n, Jes\u00fas Alberto Montalvo Morales, se\u00f1al\u00f3 que, los resultados son producto de un trabajo en equipo el cual es liderado por el rector Octavio Pimentel Mart\u00ednez y la meta de esta administraci\u00f3n es acreditar todos los programas educativos para as\u00ed ofrecer una educaci\u00f3n de calidad a cada uno de las y los universitarios.<\/p>\n\n\n\n<p>Mientras que, el coordinador general de los CIEES, Miguel \u00c1ngel Tamayo Taype, dijo que, la calidad no debe verse \u00fanicamente como una acci\u00f3n, sino como un principio \u00e9tico, pues es un principio que nos hace a los seres humanos tener un mayor sentido en nuestras vidas, al igual tambi\u00e9n en las organizaciones, para hacer mejor los procesos y ser mejores en todas las actividades que se realizan.<\/p>\n\n\n\n<p>\u201cHay un compromiso social de la Universidad frente a su entorno, un compromiso social porque en ella deposita la sociedad, el gobierno y los empresarios su confianza para que se formen los j\u00f3venes con sus programas, ya que son ellos quienes van a guiar y algunos ya lo est\u00e1n haciendo el futuro del nuestro pa\u00eds\u201d, coment\u00f3.<\/p>\n\n\n\n<p>Destac\u00f3 que, el hecho de que la Universidad haya obtenido las acreditaciones de estos ocho programas educativos es una rendici\u00f3n de cuentas a la sociedad de lo que se viene haciendo y que a su vez significa mucho para el entorno de la UAdeC, que son los empresarios y los empleadores, pues, cuando vean que un joven es egresado de un programa acreditado, tiene mayor probabilidad de insertarse con \u00e9xito al mercado laboral.<\/p>\n\n\n\n<p>\u201cUn programa acreditado significa que tambi\u00e9n viene haciendo mejoras continuas, que tiene identificadas sus \u00e1reas de oportunidad para que d\u00eda a d\u00eda vaya mejorando, en ello la Universidad se est\u00e1 esforzando y con el liderazgo que ha asumido el rector Octavio Pimentel se ha podido movilizar a toda la organizaci\u00f3n para lograr esto y las y los universitarios deben de tener la confianza en la instituci\u00f3n y que aprovechen las condiciones que les est\u00e1 otorgando\u201d, se\u00f1al\u00f3.<\/p>\n\n\n\n<p>La vocal ejecutiva de los CIEES, Roc\u00edo del Alba Llarena de Thierry, se\u00f1al\u00f3 que, la acreditaci\u00f3n institucional es un momento de reflexi\u00f3n en el cual la propia universidad se vea a s\u00ed misma con la capacidad de preguntarse, si tiene claro para qu\u00e9 fue creada, si est\u00e1 cumpliendo con los prop\u00f3sitos para los cu\u00e1les fue creada, cu\u00e1l es su estructura,<\/p>\n\n\n\n<p>de qu\u00e9 manera est\u00e1 respondiendo org\u00e1nicamente y cu\u00e1l es el manejo que le est\u00e1 dando a sus diferentes \u00e1reas.<\/p>\n","protected":false},"excerpt":{"rendered":"<p>ARTEAGA, Coahuila. 13 de noviembre de 2025. La Universidad Aut\u00f3noma de Coahuila recibi\u00f3 la acreditaci\u00f3n de ocho de sus programas educativos pertenecientes a la Facultad de Sistemas, Facultad de Ingenier\u00eda, Facultad de Artes Pl\u00e1sticas y Facultad de Mercadotecnia de la Unidad Sureste, por los Comit\u00e9s Interinstitucionales para la Evaluaci\u00f3n de la Educaci\u00f3n Superior (CIEES). Los [&hellip;]<\/p>\n","protected":false},"author":1,"featured_media":27080,"comment_status":"open","ping_status":"open","sticky":false,"template":"","format":"standard","meta":{"_monsterinsights_skip_tracking":false,"_monsterinsights_sitenote_active":false,"_monsterinsights_sitenote_note":"","_monsterinsights_sitenote_category":0,"footnotes":""},"categories":[1],"tags":[],"_links":{"self":[{"href":"https:\/\/zonalimitrofe-cbnr.com\/index.php\/wp-json\/wp\/v2\/posts\/27079"}],"collection":[{"href":"https:\/\/zonalimitrofe-cbnr.com\/index.php\/wp-json\/wp\/v2\/posts"}],"about":[{"href":"https:\/\/zonalimitrofe-cbnr.com\/index.php\/wp-json\/wp\/v2\/types\/post"}],"author":[{"embeddable":true,"href":"https:\/\/zonalimitrofe-cbnr.com\/index.php\/wp-json\/wp\/v2\/users\/1"}],"replies":[{"embeddable":true,"href":"https:\/\/zonalimitrofe-cbnr.com\/index.php\/wp-json\/wp\/v2\/comments?post=27079"}],"version-history":[{"count":1,"href":"https:\/\/zonalimitrofe-cbnr.com\/index.php\/wp-json\/wp\/v2\/posts\/27079\/revisions"}],"predecessor-version":[{"id":27081,"href":"https:\/\/zonalimitrofe-cbnr.com\/index.php\/wp-json\/wp\/v2\/posts\/27079\/revisions\/27081"}],"wp:featuredmedia":[{"embeddable":true,"href":"https:\/\/zonalimitrofe-cbnr.com\/index.php\/wp-json\/wp\/v2\/media\/27080"}],"wp:attachment":[{"href":"https:\/\/zonalimitrofe-cbnr.com\/index.php\/wp-json\/wp\/v2\/media?parent=27079"}],"wp:term":[{"taxonomy":"category","embeddable":true,"href":"https:\/\/zonalimitrofe-cbnr.com\/index.php\/wp-json\/wp\/v2\/categories?post=27079"},{"taxonomy":"post_tag","embeddable":true,"href":"https:\/\/zonalimitrofe-cbnr.com\/index.php\/wp-json\/wp\/v2\/tags?post=27079"}],"curies":[{"name":"wp","href":"https:\/\/api.w.org\/{rel}","templated":true}]}}