{"id":27073,"date":"2025-11-13T18:38:53","date_gmt":"2025-11-14T00:38:53","guid":{"rendered":"https:\/\/zonalimitrofe-cbnr.com\/?p=27073"},"modified":"2025-11-13T18:38:53","modified_gmt":"2025-11-14T00:38:53","slug":"durango-reactivan-mina-en-santa-maria-del-oro-con-100-empleos-iniciales-esteban-villegas-destaca-nueva-etapa-productiva-para-durango","status":"publish","type":"post","link":"https:\/\/zonalimitrofe-cbnr.com\/index.php\/2025\/11\/13\/durango-reactivan-mina-en-santa-maria-del-oro-con-100-empleos-iniciales-esteban-villegas-destaca-nueva-etapa-productiva-para-durango\/","title":{"rendered":"#Durango. Reactivan mina en Santa Mar\u00eda del Oro con 100 empleos iniciales; Esteban Villegas destaca nueva etapa productiva para Durango*"},"content":{"rendered":"\n<p>* _El proyecto generar\u00e1 m\u00e1s de 300 empleos conforme avance su operaci\u00f3n._<\/p>\n\n\n\n<p>* _La reapertura de la mina de Atocha impulsar\u00e1 el desarrollo econ\u00f3mico del norte del estado._<\/p>\n\n\n\n<p>El gobernador de Durango, Esteban Villegas Villarreal, anunci\u00f3 la reactivaci\u00f3n de la mina de Atocha, una de las m\u00e1s emblem\u00e1ticas del norte del estado, que volver\u00e1 a operar tras un acuerdo con el empresario Bernardo Ysita y su familia, quienes adquirieron parte del yacimiento para ponerlo nuevamente en marcha.<\/p>\n\n\n\n<p>Villegas Villarreal detall\u00f3 que en una primera etapa se generar\u00e1n 100 empleos directos, con la meta de alcanzar m\u00e1s de 300 conforme avance la operaci\u00f3n minera, adem\u00e1s de los empleos indirectos que detonar\u00e1 en la regi\u00f3n. \u201cEsto significa desarrollo, riqueza y una nueva econom\u00eda para Santa Mar\u00eda del Oro\u201d, afirm\u00f3 el mandatario.<\/p>\n\n\n\n<p>Destac\u00f3 que este proyecto representa una nueva etapa de reactivaci\u00f3n econ\u00f3mica para el norte del estado, una regi\u00f3n que ha enfrentado los efectos de la sequ\u00eda y el cierre de la frontera con Estados Unidos, lo que ha afectado la actividad ganadera. \u201cEstamos buscando llevar empresas y nuevas oportunidades a cada zona del estado\u201d, se\u00f1al\u00f3.<\/p>\n\n\n\n<p>El gobernador adelant\u00f3 que las operaciones iniciar\u00e1n en enero de 2026 y que en los pr\u00f3ximos meses comenzar\u00e1 el proceso de contrataci\u00f3n del personal. \u201cSon buenas noticias para cerrar el a\u00f1o fuerte y arrancar el pr\u00f3ximo con todo, porque Durango va hacia arriba y as\u00ed es como se construyen gigantes\u201d, expres\u00f3.<\/p>\n","protected":false},"excerpt":{"rendered":"<p>* _El proyecto generar\u00e1 m\u00e1s de 300 empleos conforme avance su operaci\u00f3n._ * _La reapertura de la mina de Atocha impulsar\u00e1 el desarrollo econ\u00f3mico del norte del estado._ El gobernador de Durango, Esteban Villegas Villarreal, anunci\u00f3 la reactivaci\u00f3n de la mina de Atocha, una de las m\u00e1s emblem\u00e1ticas del norte del estado, que volver\u00e1 a [&hellip;]<\/p>\n","protected":false},"author":1,"featured_media":27074,"comment_status":"open","ping_status":"open","sticky":false,"template":"","format":"standard","meta":{"_monsterinsights_skip_tracking":false,"_monsterinsights_sitenote_active":false,"_monsterinsights_sitenote_note":"","_monsterinsights_sitenote_category":0,"footnotes":""},"categories":[1],"tags":[],"_links":{"self":[{"href":"https:\/\/zonalimitrofe-cbnr.com\/index.php\/wp-json\/wp\/v2\/posts\/27073"}],"collection":[{"href":"https:\/\/zonalimitrofe-cbnr.com\/index.php\/wp-json\/wp\/v2\/posts"}],"about":[{"href":"https:\/\/zonalimitrofe-cbnr.com\/index.php\/wp-json\/wp\/v2\/types\/post"}],"author":[{"embeddable":true,"href":"https:\/\/zonalimitrofe-cbnr.com\/index.php\/wp-json\/wp\/v2\/users\/1"}],"replies":[{"embeddable":true,"href":"https:\/\/zonalimitrofe-cbnr.com\/index.php\/wp-json\/wp\/v2\/comments?post=27073"}],"version-history":[{"count":1,"href":"https:\/\/zonalimitrofe-cbnr.com\/index.php\/wp-json\/wp\/v2\/posts\/27073\/revisions"}],"predecessor-version":[{"id":27075,"href":"https:\/\/zonalimitrofe-cbnr.com\/index.php\/wp-json\/wp\/v2\/posts\/27073\/revisions\/27075"}],"wp:featuredmedia":[{"embeddable":true,"href":"https:\/\/zonalimitrofe-cbnr.com\/index.php\/wp-json\/wp\/v2\/media\/27074"}],"wp:attachment":[{"href":"https:\/\/zonalimitrofe-cbnr.com\/index.php\/wp-json\/wp\/v2\/media?parent=27073"}],"wp:term":[{"taxonomy":"category","embeddable":true,"href":"https:\/\/zonalimitrofe-cbnr.com\/index.php\/wp-json\/wp\/v2\/categories?post=27073"},{"taxonomy":"post_tag","embeddable":true,"href":"https:\/\/zonalimitrofe-cbnr.com\/index.php\/wp-json\/wp\/v2\/tags?post=27073"}],"curies":[{"name":"wp","href":"https:\/\/api.w.org\/{rel}","templated":true}]}}